{"id":11931,"date":"2024-11-05T14:06:53","date_gmt":"2024-11-05T14:06:53","guid":{"rendered":"https:\/\/alfaloc.pt\/alfaloc-reconnu-par-lassociation-portugaise-dethique-des-affaires\/"},"modified":"2025-02-20T16:39:33","modified_gmt":"2025-02-20T16:39:33","slug":"alfaloc-reconnu-par-lassociation-portugaise-dethique-des-affaires","status":"publish","type":"post","link":"https:\/\/alfaloc.pt\/fr\/alfaloc-reconnu-par-lassociation-portugaise-dethique-des-affaires\/","title":{"rendered":"Alfaloc reconnu par l\u2019Association portugaise d\u2019\u00e9thique des affaires"},"content":{"rendered":"\n<p><strong>Une reconnaissance encadr\u00e9e dans l\u2019axe Responsabilit\u00e9 Soci\u00e9tale et Durabilit\u00e9, avec une Mention Honorable dans la cat\u00e9gorie BIEN-\u00caTRE ORGANISATIONNEL.<\/strong><\/p>\n\n<p>Promue par l\u2019APEE depuis 2015, la <strong>Reconnaissance des Pratiques en Responsabilit\u00e9 Soci\u00e9tale et en Durabilit\u00e9<\/strong> distingue la mise en \u0153uvre de politiques et de mod\u00e8les de bonne gouvernance dans les organisations des secteurs public et priv\u00e9. Des organisations \u00e0 but lucratif et \u00e0 but non lucratif, qui cr\u00e9ent de la valeur pour leurs parties prenantes et contribuent activement au d\u00e9veloppement durable. <\/p>\n\n<p>Cette reconnaissance, par l\u2019une des associations les plus pertinentes au niveau national, est une \u00e9tape importante dans le sens de la valorisation de nos pratiques internes dans le domaine des People. La gestion bas\u00e9e sur l\u2019\u00e9thique des affaires est fondamentale dans la culture d\u2019Alfaloc. <\/p>\n\n<figure class=\"wp-block-image size-large is-resized\"><img fetchpriority=\"high\" decoding=\"async\" width=\"1024\" height=\"715\" src=\"https:\/\/alfaloc.pt\/wp-content\/uploads\/2024\/11\/reconhecimento-em-praticas-de-responsabilidade-social-e-sustentabilidade_small-1024x715.png\" alt=\"reconnaissance dans les pratiques de responsabilit&#xE9; sociale et de durabilit&#xE9; ALFALOC\" class=\"wp-image-8202\" style=\"width:434px;height:auto\" srcset=\"https:\/\/alfaloc.pt\/wp-content\/uploads\/2024\/11\/reconhecimento-em-praticas-de-responsabilidade-social-e-sustentabilidade_small-1024x715.png 1024w, https:\/\/alfaloc.pt\/wp-content\/uploads\/2024\/11\/reconhecimento-em-praticas-de-responsabilidade-social-e-sustentabilidade_small-300x209.png 300w, https:\/\/alfaloc.pt\/wp-content\/uploads\/2024\/11\/reconhecimento-em-praticas-de-responsabilidade-social-e-sustentabilidade_small-768x536.png 768w, https:\/\/alfaloc.pt\/wp-content\/uploads\/2024\/11\/reconhecimento-em-praticas-de-responsabilidade-social-e-sustentabilidade_small.png 1218w\" sizes=\"(max-width: 1024px) 100vw, 1024px\" \/><\/figure>\n\n<p>La candidature \u00e0 cette distinction a eu lieu au d\u00e9but de l\u2019ann\u00e9e 2024, sur la base d\u2019un travail d\u2019\u00e9valuation du climat organisationnel encadr\u00e9 par une politique de <a href=\"https:\/\/alfaloc.pt\/fr\/durabilite\/\">durabilit\u00e9<\/a> efficace. Analys\u00e9 et valid\u00e9 par cette entit\u00e9, il a fini par \u00eatre consid\u00e9r\u00e9 comme un instrument de premier plan pour contribuer \u00e0 la <strong>cat\u00e9gorie du \u00ab bien-\u00eatre organisationnel \u00bb.<\/strong> En particulier, dans l\u2019axe de <strong>\u00ab Culture du bien-\u00eatre caract\u00e9ris\u00e9e par l\u2019entraide, la confiance et le respect mutuel, o\u00f9 les gens se sentent valoris\u00e9s et reconnus pour leur travail, et o\u00f9 il existe des canaux efficaces de communication et de retour d\u2019information \u00bb.<\/strong>  <\/p>\n\n<p>Dans ce projet visant \u00e0 am\u00e9liorer les pratiques commerciales \u00e9thiques d\u2019Alfaloc, plusieurs des 17 objectifs de d\u00e9veloppement durable sont positivement affect\u00e9s par cette pratique. l\u2019ODD 4 (\u00c9ducation de qualit\u00e9) ; 8 (Travail d\u00e9cent et croissance \u00e9conomique) et 16 (Paix, justice et institutions efficaces).   <\/p>\n\n<p><a href=\"https:\/\/apee.pt\/2024\/10\/23\/10-edicao-2024\/\">Confirmez toutes les organisations prim\u00e9es<\/a> mentionn\u00e9es dans l\u2019\u00e9dition 2024<\/p>\n\n<p><\/p>\n","protected":false},"excerpt":{"rendered":"<p>Une reconnaissance dans l\u2019axe Responsabilit\u00e9 Soci\u00e9tale et D\u00e9veloppement Durable, avec une Mention Honorable dans la cat\u00e9gorie BIEN-\u00caTRE ORGANISATIONNEL.<\/p>\n","protected":false},"author":4,"featured_media":10499,"comment_status":"closed","ping_status":"open","sticky":false,"template":"","format":"standard","meta":{"footnotes":""},"categories":[239,240,249,685,238],"tags":[],"class_list":["post-11931","post","type-post","status-publish","format-standard","has-post-thumbnail","hentry","category-certifications","category-durabilite","category-gens","category-myalfaloc-fr","category-nouvelles"],"yoast_head":"<!-- This site is optimized with the Yoast SEO Premium plugin v27.2 (Yoast SEO v27.2) - https:\/\/yoast.com\/product\/yoast-seo-premium-wordpress\/ -->\n<title>Alfaloc - \u00c9thique des affaires<\/title>\n<meta name=\"description\" content=\"Alfaloc a \u00e9t\u00e9 reconnu dans l\u2019axe Responsabilit\u00e9 Soci\u00e9tale et Durabilit\u00e9, avec une Mention Honorable dans la cat\u00e9gorie BIEN-\u00caTRE ORGANISATIONNEL.\" \/>\n<meta name=\"robots\" content=\"index, follow, max-snippet:-1, max-image-preview:large, max-video-preview:-1\" \/>\n<link rel=\"canonical\" href=\"https:\/\/alfaloc.pt\/fr\/alfaloc-reconnu-par-lassociation-portugaise-dethique-des-affaires\/\" \/>\n<meta property=\"og:locale\" content=\"fr_FR\" \/>\n<meta property=\"og:type\" content=\"article\" \/>\n<meta property=\"og:title\" content=\"Alfaloc reconnu par l\u2019Association portugaise d\u2019\u00e9thique des affaires\" \/>\n<meta property=\"og:description\" content=\"Alfaloc a \u00e9t\u00e9 reconnu dans l\u2019axe Responsabilit\u00e9 Soci\u00e9tale et Durabilit\u00e9, avec une Mention Honorable dans la cat\u00e9gorie BIEN-\u00caTRE ORGANISATIONNEL.\" \/>\n<meta property=\"og:url\" content=\"https:\/\/alfaloc.pt\/fr\/alfaloc-reconnu-par-lassociation-portugaise-dethique-des-affaires\/\" \/>\n<meta property=\"og:site_name\" content=\"Alfaloc\" \/>\n<meta property=\"article:published_time\" content=\"2024-11-05T14:06:53+00:00\" \/>\n<meta property=\"article:modified_time\" content=\"2025-02-20T16:39:33+00:00\" \/>\n<meta property=\"og:image\" content=\"https:\/\/alfaloc.pt\/wp-content\/uploads\/2024\/11\/Selos2024_BemEstar_MENC\u0327A\u0303OHONROSA_BEMESTARORGANIZACIONAL.png\" \/>\n\t<meta property=\"og:image:width\" content=\"1445\" \/>\n\t<meta property=\"og:image:height\" content=\"819\" \/>\n\t<meta property=\"og:image:type\" content=\"image\/png\" \/>\n<meta name=\"author\" content=\"brunolemos\" \/>\n<meta name=\"twitter:card\" content=\"summary_large_image\" \/>\n<meta name=\"twitter:label1\" content=\"\u00c9crit par\" \/>\n\t<meta name=\"twitter:data1\" content=\"brunolemos\" \/>\n\t<meta name=\"twitter:label2\" content=\"Dur\u00e9e de lecture estim\u00e9e\" \/>\n\t<meta name=\"twitter:data2\" content=\"1 minute\" \/>\n<script type=\"application\/ld+json\" class=\"yoast-schema-graph\">{\"@context\":\"https:\/\/schema.org\",\"@graph\":[{\"@type\":\"Article\",\"@id\":\"https:\/\/alfaloc.pt\/fr\/alfaloc-reconnu-par-lassociation-portugaise-dethique-des-affaires\/#article\",\"isPartOf\":{\"@id\":\"https:\/\/alfaloc.pt\/fr\/alfaloc-reconnu-par-lassociation-portugaise-dethique-des-affaires\/\"},\"author\":{\"name\":\"brunolemos\",\"@id\":\"https:\/\/alfaloc.pt\/fr\/#\/schema\/person\/ed0cfa42f4cd540bd2e7c85f0f50e391\"},\"headline\":\"Alfaloc reconnu par l\u2019Association portugaise d\u2019\u00e9thique des affaires\",\"datePublished\":\"2024-11-05T14:06:53+00:00\",\"dateModified\":\"2025-02-20T16:39:33+00:00\",\"mainEntityOfPage\":{\"@id\":\"https:\/\/alfaloc.pt\/fr\/alfaloc-reconnu-par-lassociation-portugaise-dethique-des-affaires\/\"},\"wordCount\":306,\"image\":{\"@id\":\"https:\/\/alfaloc.pt\/fr\/alfaloc-reconnu-par-lassociation-portugaise-dethique-des-affaires\/#primaryimage\"},\"thumbnailUrl\":\"https:\/\/alfaloc.pt\/wp-content\/uploads\/2024\/11\/Selos2024_BemEstar_MENC\u0327A\u0303OHONROSA_BEMESTARORGANIZACIONAL.png\",\"articleSection\":[\"Certifications\",\"durabilit\u00e9\",\"Gens\",\"Myalfaloc\",\"Nouvelles\"],\"inLanguage\":\"fr-FR\"},{\"@type\":\"WebPage\",\"@id\":\"https:\/\/alfaloc.pt\/fr\/alfaloc-reconnu-par-lassociation-portugaise-dethique-des-affaires\/\",\"url\":\"https:\/\/alfaloc.pt\/fr\/alfaloc-reconnu-par-lassociation-portugaise-dethique-des-affaires\/\",\"name\":\"Alfaloc - \u00c9thique des affaires\",\"isPartOf\":{\"@id\":\"https:\/\/alfaloc.pt\/fr\/#website\"},\"primaryImageOfPage\":{\"@id\":\"https:\/\/alfaloc.pt\/fr\/alfaloc-reconnu-par-lassociation-portugaise-dethique-des-affaires\/#primaryimage\"},\"image\":{\"@id\":\"https:\/\/alfaloc.pt\/fr\/alfaloc-reconnu-par-lassociation-portugaise-dethique-des-affaires\/#primaryimage\"},\"thumbnailUrl\":\"https:\/\/alfaloc.pt\/wp-content\/uploads\/2024\/11\/Selos2024_BemEstar_MENC\u0327A\u0303OHONROSA_BEMESTARORGANIZACIONAL.png\",\"datePublished\":\"2024-11-05T14:06:53+00:00\",\"dateModified\":\"2025-02-20T16:39:33+00:00\",\"author\":{\"@id\":\"https:\/\/alfaloc.pt\/fr\/#\/schema\/person\/ed0cfa42f4cd540bd2e7c85f0f50e391\"},\"description\":\"Alfaloc a \u00e9t\u00e9 reconnu dans l\u2019axe Responsabilit\u00e9 Soci\u00e9tale et Durabilit\u00e9, avec une Mention Honorable dans la cat\u00e9gorie BIEN-\u00caTRE ORGANISATIONNEL.\",\"breadcrumb\":{\"@id\":\"https:\/\/alfaloc.pt\/fr\/alfaloc-reconnu-par-lassociation-portugaise-dethique-des-affaires\/#breadcrumb\"},\"inLanguage\":\"fr-FR\",\"potentialAction\":[{\"@type\":\"ReadAction\",\"target\":[\"https:\/\/alfaloc.pt\/fr\/alfaloc-reconnu-par-lassociation-portugaise-dethique-des-affaires\/\"]}]},{\"@type\":\"ImageObject\",\"inLanguage\":\"fr-FR\",\"@id\":\"https:\/\/alfaloc.pt\/fr\/alfaloc-reconnu-par-lassociation-portugaise-dethique-des-affaires\/#primaryimage\",\"url\":\"https:\/\/alfaloc.pt\/wp-content\/uploads\/2024\/11\/Selos2024_BemEstar_MENC\u0327A\u0303OHONROSA_BEMESTARORGANIZACIONAL.png\",\"contentUrl\":\"https:\/\/alfaloc.pt\/wp-content\/uploads\/2024\/11\/Selos2024_BemEstar_MENC\u0327A\u0303OHONROSA_BEMESTARORGANIZACIONAL.png\",\"width\":1445,\"height\":819},{\"@type\":\"BreadcrumbList\",\"@id\":\"https:\/\/alfaloc.pt\/fr\/alfaloc-reconnu-par-lassociation-portugaise-dethique-des-affaires\/#breadcrumb\",\"itemListElement\":[{\"@type\":\"ListItem\",\"position\":1,\"name\":\"In\u00edcio\",\"item\":\"https:\/\/alfaloc.pt\/fr\/\"},{\"@type\":\"ListItem\",\"position\":2,\"name\":\"Alfaloc reconnu par l\u2019Association portugaise d\u2019\u00e9thique des affaires\"}]},{\"@type\":\"WebSite\",\"@id\":\"https:\/\/alfaloc.pt\/fr\/#website\",\"url\":\"https:\/\/alfaloc.pt\/fr\/\",\"name\":\"Alfaloc\",\"description\":\"\",\"potentialAction\":[{\"@type\":\"SearchAction\",\"target\":{\"@type\":\"EntryPoint\",\"urlTemplate\":\"https:\/\/alfaloc.pt\/fr\/?s={search_term_string}\"},\"query-input\":{\"@type\":\"PropertyValueSpecification\",\"valueRequired\":true,\"valueName\":\"search_term_string\"}}],\"inLanguage\":\"fr-FR\"},{\"@type\":\"Person\",\"@id\":\"https:\/\/alfaloc.pt\/fr\/#\/schema\/person\/ed0cfa42f4cd540bd2e7c85f0f50e391\",\"name\":\"brunolemos\",\"image\":{\"@type\":\"ImageObject\",\"inLanguage\":\"fr-FR\",\"@id\":\"https:\/\/secure.gravatar.com\/avatar\/528f8d3c5a88b639333e4db1f30f85f1f0e346812aa0f84176a8d22a3e0862db?s=96&d=mm&r=g\",\"url\":\"https:\/\/secure.gravatar.com\/avatar\/528f8d3c5a88b639333e4db1f30f85f1f0e346812aa0f84176a8d22a3e0862db?s=96&d=mm&r=g\",\"contentUrl\":\"https:\/\/secure.gravatar.com\/avatar\/528f8d3c5a88b639333e4db1f30f85f1f0e346812aa0f84176a8d22a3e0862db?s=96&d=mm&r=g\",\"caption\":\"brunolemos\"},\"url\":\"https:\/\/alfaloc.pt\/fr\/author\/brunolemos\/\"}]}<\/script>\n<!-- \/ Yoast SEO Premium plugin. -->","yoast_head_json":{"title":"Alfaloc - \u00c9thique des affaires","description":"Alfaloc a \u00e9t\u00e9 reconnu dans l\u2019axe Responsabilit\u00e9 Soci\u00e9tale et Durabilit\u00e9, avec une Mention Honorable dans la cat\u00e9gorie BIEN-\u00caTRE ORGANISATIONNEL.","robots":{"index":"index","follow":"follow","max-snippet":"max-snippet:-1","max-image-preview":"max-image-preview:large","max-video-preview":"max-video-preview:-1"},"canonical":"https:\/\/alfaloc.pt\/fr\/alfaloc-reconnu-par-lassociation-portugaise-dethique-des-affaires\/","og_locale":"fr_FR","og_type":"article","og_title":"Alfaloc reconnu par l\u2019Association portugaise d\u2019\u00e9thique des affaires","og_description":"Alfaloc a \u00e9t\u00e9 reconnu dans l\u2019axe Responsabilit\u00e9 Soci\u00e9tale et Durabilit\u00e9, avec une Mention Honorable dans la cat\u00e9gorie BIEN-\u00caTRE ORGANISATIONNEL.","og_url":"https:\/\/alfaloc.pt\/fr\/alfaloc-reconnu-par-lassociation-portugaise-dethique-des-affaires\/","og_site_name":"Alfaloc","article_published_time":"2024-11-05T14:06:53+00:00","article_modified_time":"2025-02-20T16:39:33+00:00","og_image":[{"width":1445,"height":819,"url":"https:\/\/alfaloc.pt\/wp-content\/uploads\/2024\/11\/Selos2024_BemEstar_MENC\u0327A\u0303OHONROSA_BEMESTARORGANIZACIONAL.png","type":"image\/png"}],"author":"brunolemos","twitter_card":"summary_large_image","twitter_misc":{"\u00c9crit par":"brunolemos","Dur\u00e9e de lecture estim\u00e9e":"1 minute"},"schema":{"@context":"https:\/\/schema.org","@graph":[{"@type":"Article","@id":"https:\/\/alfaloc.pt\/fr\/alfaloc-reconnu-par-lassociation-portugaise-dethique-des-affaires\/#article","isPartOf":{"@id":"https:\/\/alfaloc.pt\/fr\/alfaloc-reconnu-par-lassociation-portugaise-dethique-des-affaires\/"},"author":{"name":"brunolemos","@id":"https:\/\/alfaloc.pt\/fr\/#\/schema\/person\/ed0cfa42f4cd540bd2e7c85f0f50e391"},"headline":"Alfaloc reconnu par l\u2019Association portugaise d\u2019\u00e9thique des affaires","datePublished":"2024-11-05T14:06:53+00:00","dateModified":"2025-02-20T16:39:33+00:00","mainEntityOfPage":{"@id":"https:\/\/alfaloc.pt\/fr\/alfaloc-reconnu-par-lassociation-portugaise-dethique-des-affaires\/"},"wordCount":306,"image":{"@id":"https:\/\/alfaloc.pt\/fr\/alfaloc-reconnu-par-lassociation-portugaise-dethique-des-affaires\/#primaryimage"},"thumbnailUrl":"https:\/\/alfaloc.pt\/wp-content\/uploads\/2024\/11\/Selos2024_BemEstar_MENC\u0327A\u0303OHONROSA_BEMESTARORGANIZACIONAL.png","articleSection":["Certifications","durabilit\u00e9","Gens","Myalfaloc","Nouvelles"],"inLanguage":"fr-FR"},{"@type":"WebPage","@id":"https:\/\/alfaloc.pt\/fr\/alfaloc-reconnu-par-lassociation-portugaise-dethique-des-affaires\/","url":"https:\/\/alfaloc.pt\/fr\/alfaloc-reconnu-par-lassociation-portugaise-dethique-des-affaires\/","name":"Alfaloc - \u00c9thique des affaires","isPartOf":{"@id":"https:\/\/alfaloc.pt\/fr\/#website"},"primaryImageOfPage":{"@id":"https:\/\/alfaloc.pt\/fr\/alfaloc-reconnu-par-lassociation-portugaise-dethique-des-affaires\/#primaryimage"},"image":{"@id":"https:\/\/alfaloc.pt\/fr\/alfaloc-reconnu-par-lassociation-portugaise-dethique-des-affaires\/#primaryimage"},"thumbnailUrl":"https:\/\/alfaloc.pt\/wp-content\/uploads\/2024\/11\/Selos2024_BemEstar_MENC\u0327A\u0303OHONROSA_BEMESTARORGANIZACIONAL.png","datePublished":"2024-11-05T14:06:53+00:00","dateModified":"2025-02-20T16:39:33+00:00","author":{"@id":"https:\/\/alfaloc.pt\/fr\/#\/schema\/person\/ed0cfa42f4cd540bd2e7c85f0f50e391"},"description":"Alfaloc a \u00e9t\u00e9 reconnu dans l\u2019axe Responsabilit\u00e9 Soci\u00e9tale et Durabilit\u00e9, avec une Mention Honorable dans la cat\u00e9gorie BIEN-\u00caTRE ORGANISATIONNEL.","breadcrumb":{"@id":"https:\/\/alfaloc.pt\/fr\/alfaloc-reconnu-par-lassociation-portugaise-dethique-des-affaires\/#breadcrumb"},"inLanguage":"fr-FR","potentialAction":[{"@type":"ReadAction","target":["https:\/\/alfaloc.pt\/fr\/alfaloc-reconnu-par-lassociation-portugaise-dethique-des-affaires\/"]}]},{"@type":"ImageObject","inLanguage":"fr-FR","@id":"https:\/\/alfaloc.pt\/fr\/alfaloc-reconnu-par-lassociation-portugaise-dethique-des-affaires\/#primaryimage","url":"https:\/\/alfaloc.pt\/wp-content\/uploads\/2024\/11\/Selos2024_BemEstar_MENC\u0327A\u0303OHONROSA_BEMESTARORGANIZACIONAL.png","contentUrl":"https:\/\/alfaloc.pt\/wp-content\/uploads\/2024\/11\/Selos2024_BemEstar_MENC\u0327A\u0303OHONROSA_BEMESTARORGANIZACIONAL.png","width":1445,"height":819},{"@type":"BreadcrumbList","@id":"https:\/\/alfaloc.pt\/fr\/alfaloc-reconnu-par-lassociation-portugaise-dethique-des-affaires\/#breadcrumb","itemListElement":[{"@type":"ListItem","position":1,"name":"In\u00edcio","item":"https:\/\/alfaloc.pt\/fr\/"},{"@type":"ListItem","position":2,"name":"Alfaloc reconnu par l\u2019Association portugaise d\u2019\u00e9thique des affaires"}]},{"@type":"WebSite","@id":"https:\/\/alfaloc.pt\/fr\/#website","url":"https:\/\/alfaloc.pt\/fr\/","name":"Alfaloc","description":"","potentialAction":[{"@type":"SearchAction","target":{"@type":"EntryPoint","urlTemplate":"https:\/\/alfaloc.pt\/fr\/?s={search_term_string}"},"query-input":{"@type":"PropertyValueSpecification","valueRequired":true,"valueName":"search_term_string"}}],"inLanguage":"fr-FR"},{"@type":"Person","@id":"https:\/\/alfaloc.pt\/fr\/#\/schema\/person\/ed0cfa42f4cd540bd2e7c85f0f50e391","name":"brunolemos","image":{"@type":"ImageObject","inLanguage":"fr-FR","@id":"https:\/\/secure.gravatar.com\/avatar\/528f8d3c5a88b639333e4db1f30f85f1f0e346812aa0f84176a8d22a3e0862db?s=96&d=mm&r=g","url":"https:\/\/secure.gravatar.com\/avatar\/528f8d3c5a88b639333e4db1f30f85f1f0e346812aa0f84176a8d22a3e0862db?s=96&d=mm&r=g","contentUrl":"https:\/\/secure.gravatar.com\/avatar\/528f8d3c5a88b639333e4db1f30f85f1f0e346812aa0f84176a8d22a3e0862db?s=96&d=mm&r=g","caption":"brunolemos"},"url":"https:\/\/alfaloc.pt\/fr\/author\/brunolemos\/"}]}},"_links":{"self":[{"href":"https:\/\/alfaloc.pt\/fr\/wp-json\/wp\/v2\/posts\/11931","targetHints":{"allow":["GET"]}}],"collection":[{"href":"https:\/\/alfaloc.pt\/fr\/wp-json\/wp\/v2\/posts"}],"about":[{"href":"https:\/\/alfaloc.pt\/fr\/wp-json\/wp\/v2\/types\/post"}],"author":[{"embeddable":true,"href":"https:\/\/alfaloc.pt\/fr\/wp-json\/wp\/v2\/users\/4"}],"replies":[{"embeddable":true,"href":"https:\/\/alfaloc.pt\/fr\/wp-json\/wp\/v2\/comments?post=11931"}],"version-history":[{"count":1,"href":"https:\/\/alfaloc.pt\/fr\/wp-json\/wp\/v2\/posts\/11931\/revisions"}],"predecessor-version":[{"id":11932,"href":"https:\/\/alfaloc.pt\/fr\/wp-json\/wp\/v2\/posts\/11931\/revisions\/11932"}],"wp:featuredmedia":[{"embeddable":true,"href":"https:\/\/alfaloc.pt\/fr\/wp-json\/wp\/v2\/media\/10499"}],"wp:attachment":[{"href":"https:\/\/alfaloc.pt\/fr\/wp-json\/wp\/v2\/media?parent=11931"}],"wp:term":[{"taxonomy":"category","embeddable":true,"href":"https:\/\/alfaloc.pt\/fr\/wp-json\/wp\/v2\/categories?post=11931"},{"taxonomy":"post_tag","embeddable":true,"href":"https:\/\/alfaloc.pt\/fr\/wp-json\/wp\/v2\/tags?post=11931"}],"curies":[{"name":"wp","href":"https:\/\/api.w.org\/{rel}","templated":true}]}}