{"id":11833,"date":"2022-06-03T14:42:00","date_gmt":"2022-06-03T14:42:00","guid":{"rendered":"https:\/\/alfaloc.pt\/interview-alfaloc-une-annee-dans-le-nord-du-portugal\/"},"modified":"2025-02-20T16:40:24","modified_gmt":"2025-02-20T16:40:24","slug":"interview-alfaloc-une-annee-dans-le-nord-du-portugal","status":"publish","type":"post","link":"https:\/\/alfaloc.pt\/fr\/interview-alfaloc-une-annee-dans-le-nord-du-portugal\/","title":{"rendered":"Interview Alfaloc : Une ann\u00e9e dans le nord du Portugal"},"content":{"rendered":"\n<h2 class=\"wp-block-heading\" id=\"h-um-ano-de-alfaloc-a-norte-de-portugal\">UNE ANN\u00c9E D\u2019ALFALOC DANS LE NORD DU PORTUGAL<\/h2>\n\n<p>Cette semaine, nous sommes all\u00e9s parler \u00e0 <strong>F\u00e1bio dos Santos<\/strong>, directeur de l\u2019unit\u00e9 commerciale Alfaloc op\u00e9rant \u00e0 <em>Famalic\u00e3o<\/em>,<em> Guimar\u00e3es<\/em>,<em> Trofa<\/em>, <em>Santo Tirso<\/em>,<em> Braga <\/em>et<em> Barcelos<\/em>.<br\/><br\/>Essayons de comprendre quels sont les d\u00e9fis qui ont d\u00e9coul\u00e9 d\u2019un investissement lanc\u00e9 dans une p\u00e9riode critique de confinement, comment est la r\u00e9ponse du march\u00e9 et quelles sont les perspectives pour l\u2019avenir proche.<\/p>\n\n<figure class=\"wp-block-image size-full\"><img fetchpriority=\"high\" decoding=\"async\" width=\"700\" height=\"394\" src=\"https:\/\/alfaloc.pt\/wp-content\/uploads\/2024\/08\/noticia_norte-portugal-entrevisat.jpg\" alt=\"\" class=\"wp-image-7529\" srcset=\"https:\/\/alfaloc.pt\/wp-content\/uploads\/2024\/08\/noticia_norte-portugal-entrevisat.jpg 700w, https:\/\/alfaloc.pt\/wp-content\/uploads\/2024\/08\/noticia_norte-portugal-entrevisat-300x169.jpg 300w\" sizes=\"(max-width: 700px) 100vw, 700px\" \/><\/figure>\n\n<h4 class=\"wp-block-heading\" id=\"h-boa-tarde-fabio-um-ano-de-famalicao-o-que-mais-o-apaixona-nesta-regiao\"><strong><mark style=\"background-color:rgba(0, 0, 0, 0)\" class=\"has-inline-color has-black-color\">Bonjour F\u00e1bio, une ann\u00e9e de Famalic\u00e3o ! Qu\u2019est-ce qui vous passionne le plus dans cette r\u00e9gion ? <\/mark><\/strong><\/h4>\n\n<p><strong>F\u00e1bio dos Santos\u00a0:<\/strong> C\u2019est vrai, comme le temps passe vite ! Cela fait maintenant 1 an que nous sommes ici. Je sais que c\u2019est un clich\u00e9, mais ce que j\u2019aime le plus, ce sont les gens que nous contactons : la gentillesse avec laquelle ils nous accueillent, la sinc\u00e9rit\u00e9 quand ils nous disent <em>\u00ab je ne connais pas encore ce service \u00bb,<\/em> la facilit\u00e9 \u00e0 nous donner une chance et \u00e0 travailler ensemble sur quelque chose de diff\u00e9rent et de meilleur, la fa\u00e7on dont nous partageons des moments de la vie de chacun d\u2019entre nous.  <\/p>\n\n<h4 class=\"wp-block-heading\" id=\"h-mas-pelo-que-sabemos-o-fabio-nao-e-um-verdadeiro-nbsp-homem-do-norte\"><strong>Mais pour autant que nous le sachions, F\u00e1bio n\u2019est-il pas un v\u00e9ritable <em>\u00ab homme du nord \u00bb<\/em> ?<\/strong><\/h4>\n\n<p><strong>F\u00e1bio dos Santos\u00a0:<\/strong> Non et oui. En fait, je viens d\u2019une paroisse de Leiria, avec un nom tr\u00e8s curieux \u2013 l\u2019amour. Mais j\u2019ai d\u00e9velopp\u00e9 une grande partie de mon activit\u00e9 professionnelle dans le Nord. Une r\u00e9gion incroyable, avec beaucoup de force industrielle, une excellente gastronomie et des paysages verdoyants que j\u2019adore.   <\/p>\n\n<h4 class=\"wp-block-heading\" id=\"h-quando-a-alfaloc-decidiu-investir-nesta-regiao-de-que-forma-nbsp-considerou-que-poderia-ajudar-estas-empresas\"><strong>Lorsque Alfaloc a d\u00e9cid\u00e9 d\u2019investir dans cette r\u00e9gion, comment pensez-vous pouvoir aider ces entreprises ?<\/strong><\/h4>\n\n<p><strong>F\u00e1bio dos Santos\u00a0:<\/strong> Nous sommes un agent de solutions de transport pour les entreprises. Nous nous concentrons sur le domaine des fourgonnettes internationales et nationales d\u00e9di\u00e9es et partag\u00e9es, ainsi que sur le courrier express, couvrant \u00e9galement de nombreux autres domaines tels que le courrier \u00e0 bord, les charters, le fret a\u00e9rien ou le d\u00e9douanement. Je dis souvent que les entreprises doivent nous consid\u00e9rer comme leur service transport : nous sommes l\u00e0 pour aider, clarifier et apporter des solutions adapt\u00e9es \u00e0 chacun.  <\/p>\n\n<h4 class=\"wp-block-heading\" id=\"h-investir-a-meio-de-uma-pandemia-e-so-para-verdadeiros-empreendedores-nao-foi-demasiado-arriscado\"><strong>Investir en pleine pand\u00e9mie n\u2019est r\u00e9serv\u00e9 qu\u2019aux vrais entrepreneurs. N\u2019\u00e9tait-ce pas trop risqu\u00e9 ? <\/strong><\/h4>\n\n<p><strong>F\u00e1bio dos Santos\u00a0:<\/strong> Il y aura toujours des craintes \u00e0 investir, que ce soit en p\u00e9riode de pand\u00e9mie ou \u00e0 un autre moment, car lorsque nous n\u2019avons pas l\u2019esprit d\u2019agir, nous rencontrons des probl\u00e8mes dans toutes les situations. Le but ici \u00e9tait de trouver des opportunit\u00e9s. Avec 26 ans d\u2019exp\u00e9rience sur le march\u00e9, nous avons d\u00e9j\u00e0 suffisamment <em>de savoir-faire<\/em> pour le savoir et comprendre que nous pouvons apporter une valeur ajout\u00e9e \u00e0 nos clients. Malgr\u00e9 la pand\u00e9mie, de nombreuses entreprises n\u2019ont pas cess\u00e9 d\u2019exporter (et d\u2019importer) et ont besoin d\u2019un partenaire fiable pour les aider.     <em><strong>Ce partenaire, c\u2019est nous.<\/strong><\/em><\/p>\n\n<h4 class=\"wp-block-heading\" id=\"h-ja-e-possivel-fazer-um-primeiro-balanco-agora-que-ja-passaram-12-meses\"><strong>Est-il d\u00e9j\u00e0 possible de faire un premier bilan ? Maintenant, 12 mois se sont \u00e9coul\u00e9s. <\/strong><\/h4>\n\n<p><strong>F\u00e1bio dos Santos\u00a0:<\/strong> Un bilan positif, sans doute. Au d\u00e9but, il y avait peu de clients dans la r\u00e9gion qui nous connaissaient, beaucoup en raison des services de fourgonnette d\u00e9di\u00e9s que nous offrons dans tout le pays. Nous avons apport\u00e9 une attitude diff\u00e9rente sur le march\u00e9, de coop\u00e9ration et d\u2019entraide avec les clients, de bonne disposition dans la relation.  <\/p>\n\n<h4 class=\"wp-block-heading\" id=\"h-essa-e-uma-das-imagens-de-marca-da-equipa-alfaloc\"><strong>C\u2019est l\u2019une des images de marque de l\u2019\u00e9quipe Alfaloc.<\/strong><\/h4>\n\n<p><strong>F\u00e1bio dos Santos\u00a0:<\/strong> Oui. Pour travailler chez <strong>Alfaloc<\/strong>, il faut avoir de la bonne humeur et de la bonne humeur, je ne peux pas me passer de \u00e7a dans mon \u00e9quipe ! Aujourd\u2019hui, nous savons qu\u2019alfaloc commence \u00e0 devenir une marque bien connue dans la r\u00e9gion, y compris des clients qui nous recommandent \u00e0 d\u2019autres, ce que je remercie \u00e0 tous ceux qui font passer le mot et nous aident \u00e0 aller plus loin.  <\/p>\n\n<h4 class=\"wp-block-heading\" id=\"h-e-o-que-se-pode-esperar-para-os-proximos-12\"><strong>Et \u00e0 quoi peut-on s\u2019attendre pour les 12 prochaines ann\u00e9es ?<\/strong><\/h4>\n\n<p><strong>F\u00e1bio dos Santos\u00a0:<\/strong> D\u2019abord, j\u2019esp\u00e8re que nous nous remettons tous de 2 ann\u00e9es tr\u00e8s compliqu\u00e9es en termes de pand\u00e9mie et maintenant d\u2019une guerre en Europe. Il est important d\u2019esp\u00e9rer un monde meilleur et de le faire. Cela dit, je m\u2019attends \u00e0 une croissance continue et durable, avec plus d\u2019entreprises qui apprennent \u00e0 nous conna\u00eetre et avec une utilisation encore plus grande de services tels que <em>Rocket<\/em>, <em>Sharing<\/em>, <em>SONYC<\/em> ou <em>Courier-on-board<\/em>.  <\/p>\n\n<h4 class=\"wp-block-heading\" id=\"h-a-alfaloc-continua-a-inovar-com-o-lancamento-de-servicos-nbsp-como-nbsp-o-sonyc-o-que-o-distingue-de-outros-servicos\"><strong>Alfaloc continue d\u2019innover avec le lancement de services tels que SONYC. Qu\u2019est-ce qui le distingue des autres services ? <\/strong><\/h4>\n\n<p><strong>F\u00e1bio dos Santos\u00a0:<\/strong> Le mot important ici est <em>\u00ab innovation \u00bb<\/em> : nous voulions apporter quelque chose de nouveau sur le march\u00e9 pour des charges de plus de 150 kg et <strong><em>SONYC<\/em><\/strong> est cette bouff\u00e9e d\u2019air frais. Fondamentalement, SONYC combine la vitesse de l\u2019avion avec la s\u00e9curit\u00e9 et la flexibilit\u00e9 du fourgon d\u00e9di\u00e9 et se distingue des autres services pour cette raison : nous pouvons livrer 2 palettes de 300 kg chacune dans le centre de l\u2019Europe en moins de 24 heures apr\u00e8s l\u2019enl\u00e8vement, ou nous pouvons le faire avec des v\u00e9hicules qui ont l\u2019int\u00e9grit\u00e9 du chargement ou la flexibilit\u00e9 n\u00e9cessaire dans les calendriers de livraison. Mais mieux que d\u2019expliquer, c\u2019est vraiment nous consulter pour comprendre comment on peut aider <em>(rires).<\/em>  <\/p>\n\n<h4 class=\"wp-block-heading\" id=\"h-como-sera-a-alfaloc-daqui-a-5-anos-principalmente-aqui-a-norte-de-portugal\"><strong>\u00c0 quoi ressemblera Alfaloc dans 5 ans, surtout ici dans le nord du Portugal ?<\/strong><\/h4>\n\n<p><strong>F\u00e1bio dos Santos\u00a0:<\/strong> Je le vois comme un partenaire commercial r\u00e9gulier pour les entreprises exportatrices et importatrices, pour les entreprises pour qui le temps et l\u2019urgence sont critiques, pour qui la confiance est essentielle. Je la vois comme une entreprise o\u00f9 les employ\u00e9s sentent que leur travail est stimulant et reconnu, \u00e0 l\u2019externe comme \u00e0 l\u2019interne. Je crois que nos fournisseurs nous consid\u00e9reront \u00e9galement comme un client important et fiable.  <\/p>\n\n<h4 class=\"wp-block-heading\" id=\"h-curioso-essa-referencia-tambem-aos-parceiros\"><strong>Cette r\u00e9f\u00e9rence aux partenaires est \u00e9galement curieuse.<\/strong><\/h4>\n\n<p><strong>F\u00e1bio dos Santos :<\/strong> <strong>Ce n\u2019est pas curieux, c\u2019est une partie de nous.<\/strong> <strong>Alfaloc n\u2019est que cela, c\u2019est cette communion, cet \u00e9quilibre entre toutes les parties.<br\/><\/strong>Puits&#8230;. Et enfin, je veux croire que la r\u00e9gion Nord o\u00f9 nous sommes aujourd\u2019hui nous voit comme l\u2019une des entreprises qu\u2019elle est fi\u00e8re d\u2019avoir sur son territoire.<\/p>\n","protected":false},"excerpt":{"rendered":"<p>UNE ANN\u00c9E D\u2019ALFALOC DANS LE NORD DU PORTUGAL Cette semaine, nous sommes all\u00e9s parler \u00e0 F\u00e1bio dos Santos, directeur de l\u2019unit\u00e9 commerciale Alfaloc op\u00e9rant \u00e0 Famalic\u00e3o, Guimar\u00e3es, Trofa, Santo Tirso, Braga et Barcelos. Essayons de comprendre quels sont les d\u00e9fis qui ont d\u00e9coul\u00e9 d\u2019un investissement lanc\u00e9 dans une p\u00e9riode critique de confinement, comment est la [&hellip;]<\/p>\n","protected":false},"author":5,"featured_media":10292,"comment_status":"closed","ping_status":"open","sticky":false,"template":"","format":"standard","meta":{"footnotes":""},"categories":[280,249,238],"tags":[288,654,650,259,648,252,649,651,653,652],"class_list":["post-11833","post","type-post","status-publish","format-standard","has-post-thumbnail","hentry","category-delegations","category-gens","category-nouvelles","tag-alfaloc-fr","tag-barcelos-fr","tag-braga-fr","tag-expedition-internationale","tag-famalicao-fr","tag-gens","tag-guimaraes-fr","tag-nord-liturnal","tag-santo-tirso-fr","tag-trophee"],"yoast_head":"<!-- This site is optimized with the Yoast SEO Premium plugin v27.5 (Yoast SEO v27.5) - https:\/\/yoast.com\/product\/yoast-seo-premium-wordpress\/ -->\n<title>Interview Alfaloc : Une ann\u00e9e dans le nord du Portugal - Alfaloc<\/title>\n<meta name=\"description\" content=\"Cette semaine, nous sommes all\u00e9s parler \u00e0 F\u00e1bio dos Santos, directeur de l\u2019unit\u00e9 commerciale Alfaloc op\u00e9rant dans la r\u00e9gion de la c\u00f4te nord du pays.\" \/>\n<meta name=\"robots\" content=\"index, follow, max-snippet:-1, max-image-preview:large, max-video-preview:-1\" \/>\n<link rel=\"canonical\" href=\"https:\/\/alfaloc.pt\/fr\/interview-alfaloc-une-annee-dans-le-nord-du-portugal\/\" \/>\n<meta property=\"og:locale\" content=\"fr_FR\" \/>\n<meta property=\"og:type\" content=\"article\" \/>\n<meta property=\"og:title\" content=\"Interview Alfaloc : Une ann\u00e9e dans le nord du Portugal\" \/>\n<meta property=\"og:description\" content=\"Cette semaine, nous sommes all\u00e9s parler \u00e0 F\u00e1bio dos Santos, directeur de l\u2019unit\u00e9 commerciale Alfaloc op\u00e9rant dans la r\u00e9gion de la c\u00f4te nord du pays.\" \/>\n<meta property=\"og:url\" content=\"https:\/\/alfaloc.pt\/fr\/interview-alfaloc-une-annee-dans-le-nord-du-portugal\/\" \/>\n<meta property=\"og:site_name\" content=\"Alfaloc\" \/>\n<meta property=\"article:published_time\" content=\"2022-06-03T14:42:00+00:00\" \/>\n<meta property=\"article:modified_time\" content=\"2025-02-20T16:40:24+00:00\" \/>\n<meta property=\"og:image\" content=\"https:\/\/alfaloc.pt\/wp-content\/uploads\/2024\/08\/noticia_norte-portugal-entrevisat.jpg\" \/>\n\t<meta property=\"og:image:width\" content=\"700\" \/>\n\t<meta property=\"og:image:height\" content=\"394\" \/>\n\t<meta property=\"og:image:type\" content=\"image\/jpeg\" \/>\n<meta name=\"author\" content=\"anitaricardo\" \/>\n<meta name=\"twitter:card\" content=\"summary_large_image\" \/>\n<meta name=\"twitter:label1\" content=\"\u00c9crit par\" \/>\n\t<meta name=\"twitter:data1\" content=\"anitaricardo\" \/>\n\t<meta name=\"twitter:label2\" content=\"Dur\u00e9e de lecture estim\u00e9e\" \/>\n\t<meta name=\"twitter:data2\" content=\"5 minutes\" \/>\n<script type=\"application\/ld+json\" class=\"yoast-schema-graph\">{\"@context\":\"https:\\\/\\\/schema.org\",\"@graph\":[{\"@type\":\"Article\",\"@id\":\"https:\\\/\\\/alfaloc.pt\\\/fr\\\/interview-alfaloc-une-annee-dans-le-nord-du-portugal\\\/#article\",\"isPartOf\":{\"@id\":\"https:\\\/\\\/alfaloc.pt\\\/fr\\\/interview-alfaloc-une-annee-dans-le-nord-du-portugal\\\/\"},\"author\":{\"name\":\"anitaricardo\",\"@id\":\"https:\\\/\\\/alfaloc.pt\\\/fr\\\/#\\\/schema\\\/person\\\/6e8bc905f7d2b369fccf0273fc35cd80\"},\"headline\":\"Interview Alfaloc : Une ann\u00e9e dans le nord du Portugal\",\"datePublished\":\"2022-06-03T14:42:00+00:00\",\"dateModified\":\"2025-02-20T16:40:24+00:00\",\"mainEntityOfPage\":{\"@id\":\"https:\\\/\\\/alfaloc.pt\\\/fr\\\/interview-alfaloc-une-annee-dans-le-nord-du-portugal\\\/\"},\"wordCount\":1081,\"image\":{\"@id\":\"https:\\\/\\\/alfaloc.pt\\\/fr\\\/interview-alfaloc-une-annee-dans-le-nord-du-portugal\\\/#primaryimage\"},\"thumbnailUrl\":\"https:\\\/\\\/alfaloc.pt\\\/wp-content\\\/uploads\\\/2024\\\/08\\\/noticia_norte-portugal-entrevisat.jpg\",\"keywords\":[\"Alfaloc\",\"Barcelos\",\"Braga\",\"Exp\u00e9dition internationale\",\"Famalic\u00e3o\",\"gens\",\"Guimar\u00e3es\",\"Nord liturnal\",\"Santo Tirso\",\"Troph\u00e9e\"],\"articleSection\":[\"D\u00e9l\u00e9gations\",\"Gens\",\"Nouvelles\"],\"inLanguage\":\"fr-FR\"},{\"@type\":\"WebPage\",\"@id\":\"https:\\\/\\\/alfaloc.pt\\\/fr\\\/interview-alfaloc-une-annee-dans-le-nord-du-portugal\\\/\",\"url\":\"https:\\\/\\\/alfaloc.pt\\\/fr\\\/interview-alfaloc-une-annee-dans-le-nord-du-portugal\\\/\",\"name\":\"Interview Alfaloc : Une ann\u00e9e dans le nord du Portugal - Alfaloc\",\"isPartOf\":{\"@id\":\"https:\\\/\\\/alfaloc.pt\\\/fr\\\/#website\"},\"primaryImageOfPage\":{\"@id\":\"https:\\\/\\\/alfaloc.pt\\\/fr\\\/interview-alfaloc-une-annee-dans-le-nord-du-portugal\\\/#primaryimage\"},\"image\":{\"@id\":\"https:\\\/\\\/alfaloc.pt\\\/fr\\\/interview-alfaloc-une-annee-dans-le-nord-du-portugal\\\/#primaryimage\"},\"thumbnailUrl\":\"https:\\\/\\\/alfaloc.pt\\\/wp-content\\\/uploads\\\/2024\\\/08\\\/noticia_norte-portugal-entrevisat.jpg\",\"datePublished\":\"2022-06-03T14:42:00+00:00\",\"dateModified\":\"2025-02-20T16:40:24+00:00\",\"author\":{\"@id\":\"https:\\\/\\\/alfaloc.pt\\\/fr\\\/#\\\/schema\\\/person\\\/6e8bc905f7d2b369fccf0273fc35cd80\"},\"description\":\"Cette semaine, nous sommes all\u00e9s parler \u00e0 F\u00e1bio dos Santos, directeur de l\u2019unit\u00e9 commerciale Alfaloc op\u00e9rant dans la r\u00e9gion de la c\u00f4te nord du pays.\",\"breadcrumb\":{\"@id\":\"https:\\\/\\\/alfaloc.pt\\\/fr\\\/interview-alfaloc-une-annee-dans-le-nord-du-portugal\\\/#breadcrumb\"},\"inLanguage\":\"fr-FR\",\"potentialAction\":[{\"@type\":\"ReadAction\",\"target\":[\"https:\\\/\\\/alfaloc.pt\\\/fr\\\/interview-alfaloc-une-annee-dans-le-nord-du-portugal\\\/\"]}]},{\"@type\":\"ImageObject\",\"inLanguage\":\"fr-FR\",\"@id\":\"https:\\\/\\\/alfaloc.pt\\\/fr\\\/interview-alfaloc-une-annee-dans-le-nord-du-portugal\\\/#primaryimage\",\"url\":\"https:\\\/\\\/alfaloc.pt\\\/wp-content\\\/uploads\\\/2024\\\/08\\\/noticia_norte-portugal-entrevisat.jpg\",\"contentUrl\":\"https:\\\/\\\/alfaloc.pt\\\/wp-content\\\/uploads\\\/2024\\\/08\\\/noticia_norte-portugal-entrevisat.jpg\",\"width\":700,\"height\":394},{\"@type\":\"BreadcrumbList\",\"@id\":\"https:\\\/\\\/alfaloc.pt\\\/fr\\\/interview-alfaloc-une-annee-dans-le-nord-du-portugal\\\/#breadcrumb\",\"itemListElement\":[{\"@type\":\"ListItem\",\"position\":1,\"name\":\"In\u00edcio\",\"item\":\"https:\\\/\\\/alfaloc.pt\\\/fr\\\/\"},{\"@type\":\"ListItem\",\"position\":2,\"name\":\"Interview Alfaloc : Une ann\u00e9e dans le nord du Portugal\"}]},{\"@type\":\"WebSite\",\"@id\":\"https:\\\/\\\/alfaloc.pt\\\/fr\\\/#website\",\"url\":\"https:\\\/\\\/alfaloc.pt\\\/fr\\\/\",\"name\":\"Alfaloc\",\"description\":\"\",\"potentialAction\":[{\"@type\":\"SearchAction\",\"target\":{\"@type\":\"EntryPoint\",\"urlTemplate\":\"https:\\\/\\\/alfaloc.pt\\\/fr\\\/?s={search_term_string}\"},\"query-input\":{\"@type\":\"PropertyValueSpecification\",\"valueRequired\":true,\"valueName\":\"search_term_string\"}}],\"inLanguage\":\"fr-FR\"},{\"@type\":\"Person\",\"@id\":\"https:\\\/\\\/alfaloc.pt\\\/fr\\\/#\\\/schema\\\/person\\\/6e8bc905f7d2b369fccf0273fc35cd80\",\"name\":\"anitaricardo\",\"image\":{\"@type\":\"ImageObject\",\"inLanguage\":\"fr-FR\",\"@id\":\"https:\\\/\\\/secure.gravatar.com\\\/avatar\\\/9e5ec89c52b1d32d7ab680e5de52c29e4c855c3ecd63735926f623145fb3517a?s=96&d=mm&r=g\",\"url\":\"https:\\\/\\\/secure.gravatar.com\\\/avatar\\\/9e5ec89c52b1d32d7ab680e5de52c29e4c855c3ecd63735926f623145fb3517a?s=96&d=mm&r=g\",\"contentUrl\":\"https:\\\/\\\/secure.gravatar.com\\\/avatar\\\/9e5ec89c52b1d32d7ab680e5de52c29e4c855c3ecd63735926f623145fb3517a?s=96&d=mm&r=g\",\"caption\":\"anitaricardo\"},\"url\":\"https:\\\/\\\/alfaloc.pt\\\/fr\\\/author\\\/anitaricardo\\\/\"}]}<\/script>\n<!-- \/ Yoast SEO Premium plugin. -->","yoast_head_json":{"title":"Interview Alfaloc : Une ann\u00e9e dans le nord du Portugal - Alfaloc","description":"Cette semaine, nous sommes all\u00e9s parler \u00e0 F\u00e1bio dos Santos, directeur de l\u2019unit\u00e9 commerciale Alfaloc op\u00e9rant dans la r\u00e9gion de la c\u00f4te nord du pays.","robots":{"index":"index","follow":"follow","max-snippet":"max-snippet:-1","max-image-preview":"max-image-preview:large","max-video-preview":"max-video-preview:-1"},"canonical":"https:\/\/alfaloc.pt\/fr\/interview-alfaloc-une-annee-dans-le-nord-du-portugal\/","og_locale":"fr_FR","og_type":"article","og_title":"Interview Alfaloc : Une ann\u00e9e dans le nord du Portugal","og_description":"Cette semaine, nous sommes all\u00e9s parler \u00e0 F\u00e1bio dos Santos, directeur de l\u2019unit\u00e9 commerciale Alfaloc op\u00e9rant dans la r\u00e9gion de la c\u00f4te nord du pays.","og_url":"https:\/\/alfaloc.pt\/fr\/interview-alfaloc-une-annee-dans-le-nord-du-portugal\/","og_site_name":"Alfaloc","article_published_time":"2022-06-03T14:42:00+00:00","article_modified_time":"2025-02-20T16:40:24+00:00","og_image":[{"width":700,"height":394,"url":"https:\/\/alfaloc.pt\/wp-content\/uploads\/2024\/08\/noticia_norte-portugal-entrevisat.jpg","type":"image\/jpeg"}],"author":"anitaricardo","twitter_card":"summary_large_image","twitter_misc":{"\u00c9crit par":"anitaricardo","Dur\u00e9e de lecture estim\u00e9e":"5 minutes"},"schema":{"@context":"https:\/\/schema.org","@graph":[{"@type":"Article","@id":"https:\/\/alfaloc.pt\/fr\/interview-alfaloc-une-annee-dans-le-nord-du-portugal\/#article","isPartOf":{"@id":"https:\/\/alfaloc.pt\/fr\/interview-alfaloc-une-annee-dans-le-nord-du-portugal\/"},"author":{"name":"anitaricardo","@id":"https:\/\/alfaloc.pt\/fr\/#\/schema\/person\/6e8bc905f7d2b369fccf0273fc35cd80"},"headline":"Interview Alfaloc : Une ann\u00e9e dans le nord du Portugal","datePublished":"2022-06-03T14:42:00+00:00","dateModified":"2025-02-20T16:40:24+00:00","mainEntityOfPage":{"@id":"https:\/\/alfaloc.pt\/fr\/interview-alfaloc-une-annee-dans-le-nord-du-portugal\/"},"wordCount":1081,"image":{"@id":"https:\/\/alfaloc.pt\/fr\/interview-alfaloc-une-annee-dans-le-nord-du-portugal\/#primaryimage"},"thumbnailUrl":"https:\/\/alfaloc.pt\/wp-content\/uploads\/2024\/08\/noticia_norte-portugal-entrevisat.jpg","keywords":["Alfaloc","Barcelos","Braga","Exp\u00e9dition internationale","Famalic\u00e3o","gens","Guimar\u00e3es","Nord liturnal","Santo Tirso","Troph\u00e9e"],"articleSection":["D\u00e9l\u00e9gations","Gens","Nouvelles"],"inLanguage":"fr-FR"},{"@type":"WebPage","@id":"https:\/\/alfaloc.pt\/fr\/interview-alfaloc-une-annee-dans-le-nord-du-portugal\/","url":"https:\/\/alfaloc.pt\/fr\/interview-alfaloc-une-annee-dans-le-nord-du-portugal\/","name":"Interview Alfaloc : Une ann\u00e9e dans le nord du Portugal - Alfaloc","isPartOf":{"@id":"https:\/\/alfaloc.pt\/fr\/#website"},"primaryImageOfPage":{"@id":"https:\/\/alfaloc.pt\/fr\/interview-alfaloc-une-annee-dans-le-nord-du-portugal\/#primaryimage"},"image":{"@id":"https:\/\/alfaloc.pt\/fr\/interview-alfaloc-une-annee-dans-le-nord-du-portugal\/#primaryimage"},"thumbnailUrl":"https:\/\/alfaloc.pt\/wp-content\/uploads\/2024\/08\/noticia_norte-portugal-entrevisat.jpg","datePublished":"2022-06-03T14:42:00+00:00","dateModified":"2025-02-20T16:40:24+00:00","author":{"@id":"https:\/\/alfaloc.pt\/fr\/#\/schema\/person\/6e8bc905f7d2b369fccf0273fc35cd80"},"description":"Cette semaine, nous sommes all\u00e9s parler \u00e0 F\u00e1bio dos Santos, directeur de l\u2019unit\u00e9 commerciale Alfaloc op\u00e9rant dans la r\u00e9gion de la c\u00f4te nord du pays.","breadcrumb":{"@id":"https:\/\/alfaloc.pt\/fr\/interview-alfaloc-une-annee-dans-le-nord-du-portugal\/#breadcrumb"},"inLanguage":"fr-FR","potentialAction":[{"@type":"ReadAction","target":["https:\/\/alfaloc.pt\/fr\/interview-alfaloc-une-annee-dans-le-nord-du-portugal\/"]}]},{"@type":"ImageObject","inLanguage":"fr-FR","@id":"https:\/\/alfaloc.pt\/fr\/interview-alfaloc-une-annee-dans-le-nord-du-portugal\/#primaryimage","url":"https:\/\/alfaloc.pt\/wp-content\/uploads\/2024\/08\/noticia_norte-portugal-entrevisat.jpg","contentUrl":"https:\/\/alfaloc.pt\/wp-content\/uploads\/2024\/08\/noticia_norte-portugal-entrevisat.jpg","width":700,"height":394},{"@type":"BreadcrumbList","@id":"https:\/\/alfaloc.pt\/fr\/interview-alfaloc-une-annee-dans-le-nord-du-portugal\/#breadcrumb","itemListElement":[{"@type":"ListItem","position":1,"name":"In\u00edcio","item":"https:\/\/alfaloc.pt\/fr\/"},{"@type":"ListItem","position":2,"name":"Interview Alfaloc : Une ann\u00e9e dans le nord du Portugal"}]},{"@type":"WebSite","@id":"https:\/\/alfaloc.pt\/fr\/#website","url":"https:\/\/alfaloc.pt\/fr\/","name":"Alfaloc","description":"","potentialAction":[{"@type":"SearchAction","target":{"@type":"EntryPoint","urlTemplate":"https:\/\/alfaloc.pt\/fr\/?s={search_term_string}"},"query-input":{"@type":"PropertyValueSpecification","valueRequired":true,"valueName":"search_term_string"}}],"inLanguage":"fr-FR"},{"@type":"Person","@id":"https:\/\/alfaloc.pt\/fr\/#\/schema\/person\/6e8bc905f7d2b369fccf0273fc35cd80","name":"anitaricardo","image":{"@type":"ImageObject","inLanguage":"fr-FR","@id":"https:\/\/secure.gravatar.com\/avatar\/9e5ec89c52b1d32d7ab680e5de52c29e4c855c3ecd63735926f623145fb3517a?s=96&d=mm&r=g","url":"https:\/\/secure.gravatar.com\/avatar\/9e5ec89c52b1d32d7ab680e5de52c29e4c855c3ecd63735926f623145fb3517a?s=96&d=mm&r=g","contentUrl":"https:\/\/secure.gravatar.com\/avatar\/9e5ec89c52b1d32d7ab680e5de52c29e4c855c3ecd63735926f623145fb3517a?s=96&d=mm&r=g","caption":"anitaricardo"},"url":"https:\/\/alfaloc.pt\/fr\/author\/anitaricardo\/"}]}},"_links":{"self":[{"href":"https:\/\/alfaloc.pt\/fr\/wp-json\/wp\/v2\/posts\/11833","targetHints":{"allow":["GET"]}}],"collection":[{"href":"https:\/\/alfaloc.pt\/fr\/wp-json\/wp\/v2\/posts"}],"about":[{"href":"https:\/\/alfaloc.pt\/fr\/wp-json\/wp\/v2\/types\/post"}],"author":[{"embeddable":true,"href":"https:\/\/alfaloc.pt\/fr\/wp-json\/wp\/v2\/users\/5"}],"replies":[{"embeddable":true,"href":"https:\/\/alfaloc.pt\/fr\/wp-json\/wp\/v2\/comments?post=11833"}],"version-history":[{"count":1,"href":"https:\/\/alfaloc.pt\/fr\/wp-json\/wp\/v2\/posts\/11833\/revisions"}],"predecessor-version":[{"id":11834,"href":"https:\/\/alfaloc.pt\/fr\/wp-json\/wp\/v2\/posts\/11833\/revisions\/11834"}],"wp:featuredmedia":[{"embeddable":true,"href":"https:\/\/alfaloc.pt\/fr\/wp-json\/wp\/v2\/media\/10292"}],"wp:attachment":[{"href":"https:\/\/alfaloc.pt\/fr\/wp-json\/wp\/v2\/media?parent=11833"}],"wp:term":[{"taxonomy":"category","embeddable":true,"href":"https:\/\/alfaloc.pt\/fr\/wp-json\/wp\/v2\/categories?post=11833"},{"taxonomy":"post_tag","embeddable":true,"href":"https:\/\/alfaloc.pt\/fr\/wp-json\/wp\/v2\/tags?post=11833"}],"curies":[{"name":"wp","href":"https:\/\/api.w.org\/{rel}","templated":true}]}}