{"id":11837,"date":"2023-01-03T13:38:00","date_gmt":"2023-01-03T13:38:00","guid":{"rendered":"https:\/\/alfaloc.pt\/alfaloc-film-para-navidad-2022\/"},"modified":"2025-02-20T16:40:22","modified_gmt":"2025-02-20T16:40:22","slug":"alfaloc-film-para-navidad-2022","status":"publish","type":"post","link":"https:\/\/alfaloc.pt\/es\/alfaloc-film-para-navidad-2022\/","title":{"rendered":"Alfaloc Film para Navidad 2022"},"content":{"rendered":"\n<h2 class=\"wp-block-heading\" id=\"h-o-natal-e-onde-precisamos-estar-este-foi-o-mote-do-filme-alfaloc-para-o-natal-de-2022\">La Navidad es donde tenemos que estar. Este fue el lema de la pel\u00edcula Alfaloc para la Navidad de 2022.   <\/h2>\n\n<p>Como en a\u00f1os anteriores, la comunicaci\u00f3n de la marca, en la \u00e9poca navide\u00f1a, ha buscado hacer una contribuci\u00f3n positiva a los numerosos retos a los que todos nos enfrentamos desde el punto de vista social. <br\/>\u00ab<strong>La Navidad es donde tenemos que estar<\/strong>\u00ab, este fue el lema de la pel\u00edcula de Alfaloc para la Navidad 2022.<\/p>\n\n<p>La desmaterializaci\u00f3n de la convivencia navide\u00f1a, especialmente en un per\u00edodo post-COVID, ha ganado una relevancia significativa para la marca. En la actualidad, el concepto de proximidad ha evolucionado y las relaciones se han vuelto diferentes. Adem\u00e1s, los desaf\u00edos sociales son enormes, lo que hace que la adaptaci\u00f3n sea esencial.  <\/p>\n\n<h2 class=\"wp-block-heading\" id=\"h-nesse-sentido-o-filme-procura-mostrar-a-importancia-e-a-exigencia-de-algumas-funcoes-e-atividades-profissionais\">En este sentido, la pel\u00edcula busca mostrar la importancia y demanda de algunas funciones y actividades profesionales.  <\/h2>\n\n<p>A trav\u00e9s de este enfoque, destacamos c\u00f3mo ha cambiado el mundo profesional y c\u00f3mo estas transformaciones afectan a la vida cotidiana. La pel\u00edcula no solo celebra la \u00e9poca navide\u00f1a, sino que tambi\u00e9n ofrece una reflexi\u00f3n sobre las nuevas din\u00e1micas de trabajo y convivencia. <\/p>\n\n<p>De esta manera, al abordar estos temas, la marca busca reforzar su compromiso con la innovaci\u00f3n y la adaptaci\u00f3n a los cambios sociales. En consecuencia, Alfaloc se posiciona como una empresa que valora las relaciones humanas y la evoluci\u00f3n continua, al tiempo que refuerza su presencia en el mercado pospandemia. <\/p>\n\n<p>\u00ab<em>Creemos que la tradici\u00f3n la hacemos nosotros y que la Navidad,<\/em><br\/><em>m\u00e1s bello, sucede donde tenemos que estar.<\/em><br\/><em>En una casa de familia, con amigos, a trav\u00e9s de las monta\u00f1as junto a la chimenea<\/em><br\/><em>o en caravana, en plena naturaleza&#8230; lo que realmente importa,<\/em><br\/><em>Son las conexiones y lo que nos conecta entre nosotros\u00bb.<\/em><\/p>\n\n<figure class=\"wp-block-embed is-type-video is-provider-youtube wp-block-embed-youtube wp-embed-aspect-16-9 wp-has-aspect-ratio\"><div class=\"wp-block-embed__wrapper\">\n<iframe title=\"O Natal e\u0301 onde precisamos estar\" width=\"800\" height=\"450\" src=\"https:\/\/www.youtube.com\/embed\/dNWEX1u1X0I?feature=oembed\" frameborder=\"0\" allow=\"accelerometer; autoplay; clipboard-write; encrypted-media; gyroscope; picture-in-picture; web-share\" referrerpolicy=\"strict-origin-when-cross-origin\" allowfullscreen><\/iframe>\n<\/div><figcaption class=\"wp-element-caption\">\u00bfD\u00f3nde vas a estar esta Navidad?<\/figcaption><\/figure>\n\n<p><strong>Making off de la pel\u00edcula Alfaloc para Navidad 2022<\/strong><\/p>\n\n<p>Para los m\u00e1s curiosos, dejamos otra pel\u00edcula que nos desvela algunos de los retos del rodaje. Porque es en estos momentos cuando nos damos cuenta de la dimensi\u00f3n de los riesgos, y desaf\u00edos, que a veces surgen en estos proyectos. <\/p>\n\n<h4 class=\"wp-block-heading\" id=\"h-varios-agradecimentos-aos-participantes-no-filme\"><strong>Varios agradecimientos a los participantes en la pel\u00edcula:<\/strong><\/h4>\n\n<p>A Ema, una joven actriz, que fue extraordinaria.<br\/>A Carmen, Ana Santiago y Francisco Lopes que se pusieron a disposici\u00f3n para el resto de los papeles.<\/p>\n\n<p>La participaci\u00f3n del equipo de Alfaloc en las distintas pel\u00edculas que hemos realizado es fundamental para nosotros.<\/p>\n\n<p>Esta es la imagen de Alfaloc, de humanismo, de cercan\u00eda y sobre todo de disponibilidad.<\/p>\n\n<p>A la abuela de Carmen, y a su perro, que vinieron a prop\u00f3sito desde T\u00e1bua para ayudarnos en este proyecto.<br\/>Y, por supuesto, al equipo de marketing (V\u00e2nia, Carmen y Filipe) que una vez m\u00e1s se comprometieron apasionadamente, para que a partir de una simple idea fuera posible lograr este resultado.<\/p>\n\n<figure class=\"wp-block-embed is-type-video is-provider-youtube wp-block-embed-youtube wp-embed-aspect-16-9 wp-has-aspect-ratio\"><div class=\"wp-block-embed__wrapper\">\n \n<iframe title=\"Making Off Filme Natal Alfaloc 2022\" width=\"800\" height=\"450\" src=\"https:\/\/www.youtube.com\/embed\/56Wy9xjEsg4?feature=oembed\" frameborder=\"0\" allow=\"accelerometer; autoplay; clipboard-write; encrypted-media; gyroscope; picture-in-picture; web-share\" referrerpolicy=\"strict-origin-when-cross-origin\" allowfullscreen><\/iframe>\n<\/div><figcaption class=\"wp-element-caption\">Preparando el escenario<\/figcaption><\/figure>\n\n<p>P.D. Un punto culminante especial para las fant\u00e1sticas voces que est\u00e1n en este making off&#8230; V\u00e2nia y Carmen. <\/p>\n\n<p>Gracias por su confianza.<\/p>\n\n<p>Nos vemos luego.<\/p>\n","protected":false},"excerpt":{"rendered":"<p>\u00abCreemos que la tradici\u00f3n la hacemos nosotros y que la Navidad,<br \/>\n m\u00e1s bonita, sucede donde tenemos que estar&#8230;<\/p>\n","protected":false},"author":4,"featured_media":10011,"comment_status":"closed","ping_status":"open","sticky":false,"template":"","format":"standard","meta":{"footnotes":""},"categories":[218,217],"tags":[220,219,575],"class_list":["post-11837","post","type-post","status-publish","format-standard","has-post-thumbnail","hentry","category-efemerides-es","category-noticia","tag-gente","tag-navidad","tag-sostenibilidad"],"yoast_head":"<!-- This site is optimized with the Yoast SEO Premium plugin v27.5 (Yoast SEO v27.5) - https:\/\/yoast.com\/product\/yoast-seo-premium-wordpress\/ -->\n<title>Alfaloc Film para Navidad 2022 - Alfaloc<\/title>\n<meta name=\"description\" content=\"La Navidad es donde tenemos que estar. Este fue el lema de la pel\u00edcula de Alfaloc para la Navidad de 2022. Creemos que la tradici\u00f3n la hacemos nosotros y que...\" \/>\n<meta name=\"robots\" content=\"index, follow, max-snippet:-1, max-image-preview:large, max-video-preview:-1\" \/>\n<link rel=\"canonical\" href=\"https:\/\/alfaloc.pt\/es\/alfaloc-film-para-navidad-2022\/\" \/>\n<meta property=\"og:locale\" content=\"es_ES\" \/>\n<meta property=\"og:type\" content=\"article\" \/>\n<meta property=\"og:title\" content=\"Alfaloc Film para Navidad 2022\" \/>\n<meta property=\"og:description\" content=\"La Navidad es donde tenemos que estar. Este fue el lema de la pel\u00edcula de Alfaloc para la Navidad de 2022. Creemos que la tradici\u00f3n la hacemos nosotros y que...\" \/>\n<meta property=\"og:url\" content=\"https:\/\/alfaloc.pt\/es\/alfaloc-film-para-navidad-2022\/\" \/>\n<meta property=\"og:site_name\" content=\"Alfaloc\" \/>\n<meta property=\"article:published_time\" content=\"2023-01-03T13:38:00+00:00\" \/>\n<meta property=\"article:modified_time\" content=\"2025-02-20T16:40:22+00:00\" \/>\n<meta property=\"og:image\" content=\"https:\/\/alfaloc.pt\/wp-content\/uploads\/2024\/07\/natal_alfaloc_2022.jpg\" \/>\n\t<meta property=\"og:image:width\" content=\"1133\" \/>\n\t<meta property=\"og:image:height\" content=\"591\" \/>\n\t<meta property=\"og:image:type\" content=\"image\/jpeg\" \/>\n<meta name=\"author\" content=\"brunolemos\" \/>\n<meta name=\"twitter:card\" content=\"summary_large_image\" \/>\n<meta name=\"twitter:label1\" content=\"Escrito por\" \/>\n\t<meta name=\"twitter:data1\" content=\"brunolemos\" \/>\n\t<meta name=\"twitter:label2\" content=\"Tiempo de lectura\" \/>\n\t<meta name=\"twitter:data2\" content=\"3 minutos\" \/>\n<script type=\"application\/ld+json\" class=\"yoast-schema-graph\">{\"@context\":\"https:\\\/\\\/schema.org\",\"@graph\":[{\"@type\":\"Article\",\"@id\":\"https:\\\/\\\/alfaloc.pt\\\/es\\\/alfaloc-film-para-navidad-2022\\\/#article\",\"isPartOf\":{\"@id\":\"https:\\\/\\\/alfaloc.pt\\\/es\\\/alfaloc-film-para-navidad-2022\\\/\"},\"author\":{\"name\":\"brunolemos\",\"@id\":\"https:\\\/\\\/alfaloc.pt\\\/es\\\/#\\\/schema\\\/person\\\/ed0cfa42f4cd540bd2e7c85f0f50e391\"},\"headline\":\"Alfaloc Film para Navidad 2022\",\"datePublished\":\"2023-01-03T13:38:00+00:00\",\"dateModified\":\"2025-02-20T16:40:22+00:00\",\"mainEntityOfPage\":{\"@id\":\"https:\\\/\\\/alfaloc.pt\\\/es\\\/alfaloc-film-para-navidad-2022\\\/\"},\"wordCount\":554,\"image\":{\"@id\":\"https:\\\/\\\/alfaloc.pt\\\/es\\\/alfaloc-film-para-navidad-2022\\\/#primaryimage\"},\"thumbnailUrl\":\"https:\\\/\\\/alfaloc.pt\\\/wp-content\\\/uploads\\\/2024\\\/07\\\/natal_alfaloc_2022.jpg\",\"keywords\":[\"gente\",\"Navidad\",\"sostenibilidad\"],\"articleSection\":[\"Efem\u00e9rides\",\"Noticia\"],\"inLanguage\":\"es\"},{\"@type\":\"WebPage\",\"@id\":\"https:\\\/\\\/alfaloc.pt\\\/es\\\/alfaloc-film-para-navidad-2022\\\/\",\"url\":\"https:\\\/\\\/alfaloc.pt\\\/es\\\/alfaloc-film-para-navidad-2022\\\/\",\"name\":\"Alfaloc Film para Navidad 2022 - Alfaloc\",\"isPartOf\":{\"@id\":\"https:\\\/\\\/alfaloc.pt\\\/es\\\/#website\"},\"primaryImageOfPage\":{\"@id\":\"https:\\\/\\\/alfaloc.pt\\\/es\\\/alfaloc-film-para-navidad-2022\\\/#primaryimage\"},\"image\":{\"@id\":\"https:\\\/\\\/alfaloc.pt\\\/es\\\/alfaloc-film-para-navidad-2022\\\/#primaryimage\"},\"thumbnailUrl\":\"https:\\\/\\\/alfaloc.pt\\\/wp-content\\\/uploads\\\/2024\\\/07\\\/natal_alfaloc_2022.jpg\",\"datePublished\":\"2023-01-03T13:38:00+00:00\",\"dateModified\":\"2025-02-20T16:40:22+00:00\",\"author\":{\"@id\":\"https:\\\/\\\/alfaloc.pt\\\/es\\\/#\\\/schema\\\/person\\\/ed0cfa42f4cd540bd2e7c85f0f50e391\"},\"description\":\"La Navidad es donde tenemos que estar. Este fue el lema de la pel\u00edcula de Alfaloc para la Navidad de 2022. Creemos que la tradici\u00f3n la hacemos nosotros y que...\",\"breadcrumb\":{\"@id\":\"https:\\\/\\\/alfaloc.pt\\\/es\\\/alfaloc-film-para-navidad-2022\\\/#breadcrumb\"},\"inLanguage\":\"es\",\"potentialAction\":[{\"@type\":\"ReadAction\",\"target\":[\"https:\\\/\\\/alfaloc.pt\\\/es\\\/alfaloc-film-para-navidad-2022\\\/\"]}]},{\"@type\":\"ImageObject\",\"inLanguage\":\"es\",\"@id\":\"https:\\\/\\\/alfaloc.pt\\\/es\\\/alfaloc-film-para-navidad-2022\\\/#primaryimage\",\"url\":\"https:\\\/\\\/alfaloc.pt\\\/wp-content\\\/uploads\\\/2024\\\/07\\\/natal_alfaloc_2022.jpg\",\"contentUrl\":\"https:\\\/\\\/alfaloc.pt\\\/wp-content\\\/uploads\\\/2024\\\/07\\\/natal_alfaloc_2022.jpg\",\"width\":1133,\"height\":591,\"caption\":\"Natal Alfaloc 2022\"},{\"@type\":\"BreadcrumbList\",\"@id\":\"https:\\\/\\\/alfaloc.pt\\\/es\\\/alfaloc-film-para-navidad-2022\\\/#breadcrumb\",\"itemListElement\":[{\"@type\":\"ListItem\",\"position\":1,\"name\":\"In\u00edcio\",\"item\":\"https:\\\/\\\/alfaloc.pt\\\/es\\\/\"},{\"@type\":\"ListItem\",\"position\":2,\"name\":\"Alfaloc Film para Navidad 2022\"}]},{\"@type\":\"WebSite\",\"@id\":\"https:\\\/\\\/alfaloc.pt\\\/es\\\/#website\",\"url\":\"https:\\\/\\\/alfaloc.pt\\\/es\\\/\",\"name\":\"Alfaloc\",\"description\":\"\",\"potentialAction\":[{\"@type\":\"SearchAction\",\"target\":{\"@type\":\"EntryPoint\",\"urlTemplate\":\"https:\\\/\\\/alfaloc.pt\\\/es\\\/?s={search_term_string}\"},\"query-input\":{\"@type\":\"PropertyValueSpecification\",\"valueRequired\":true,\"valueName\":\"search_term_string\"}}],\"inLanguage\":\"es\"},{\"@type\":\"Person\",\"@id\":\"https:\\\/\\\/alfaloc.pt\\\/es\\\/#\\\/schema\\\/person\\\/ed0cfa42f4cd540bd2e7c85f0f50e391\",\"name\":\"brunolemos\",\"image\":{\"@type\":\"ImageObject\",\"inLanguage\":\"es\",\"@id\":\"https:\\\/\\\/secure.gravatar.com\\\/avatar\\\/528f8d3c5a88b639333e4db1f30f85f1f0e346812aa0f84176a8d22a3e0862db?s=96&d=mm&r=g\",\"url\":\"https:\\\/\\\/secure.gravatar.com\\\/avatar\\\/528f8d3c5a88b639333e4db1f30f85f1f0e346812aa0f84176a8d22a3e0862db?s=96&d=mm&r=g\",\"contentUrl\":\"https:\\\/\\\/secure.gravatar.com\\\/avatar\\\/528f8d3c5a88b639333e4db1f30f85f1f0e346812aa0f84176a8d22a3e0862db?s=96&d=mm&r=g\",\"caption\":\"brunolemos\"},\"url\":\"https:\\\/\\\/alfaloc.pt\\\/es\\\/author\\\/brunolemos\\\/\"}]}<\/script>\n<!-- \/ Yoast SEO Premium plugin. -->","yoast_head_json":{"title":"Alfaloc Film para Navidad 2022 - Alfaloc","description":"La Navidad es donde tenemos que estar. Este fue el lema de la pel\u00edcula de Alfaloc para la Navidad de 2022. Creemos que la tradici\u00f3n la hacemos nosotros y que...","robots":{"index":"index","follow":"follow","max-snippet":"max-snippet:-1","max-image-preview":"max-image-preview:large","max-video-preview":"max-video-preview:-1"},"canonical":"https:\/\/alfaloc.pt\/es\/alfaloc-film-para-navidad-2022\/","og_locale":"es_ES","og_type":"article","og_title":"Alfaloc Film para Navidad 2022","og_description":"La Navidad es donde tenemos que estar. Este fue el lema de la pel\u00edcula de Alfaloc para la Navidad de 2022. Creemos que la tradici\u00f3n la hacemos nosotros y que...","og_url":"https:\/\/alfaloc.pt\/es\/alfaloc-film-para-navidad-2022\/","og_site_name":"Alfaloc","article_published_time":"2023-01-03T13:38:00+00:00","article_modified_time":"2025-02-20T16:40:22+00:00","og_image":[{"width":1133,"height":591,"url":"https:\/\/alfaloc.pt\/wp-content\/uploads\/2024\/07\/natal_alfaloc_2022.jpg","type":"image\/jpeg"}],"author":"brunolemos","twitter_card":"summary_large_image","twitter_misc":{"Escrito por":"brunolemos","Tiempo de lectura":"3 minutos"},"schema":{"@context":"https:\/\/schema.org","@graph":[{"@type":"Article","@id":"https:\/\/alfaloc.pt\/es\/alfaloc-film-para-navidad-2022\/#article","isPartOf":{"@id":"https:\/\/alfaloc.pt\/es\/alfaloc-film-para-navidad-2022\/"},"author":{"name":"brunolemos","@id":"https:\/\/alfaloc.pt\/es\/#\/schema\/person\/ed0cfa42f4cd540bd2e7c85f0f50e391"},"headline":"Alfaloc Film para Navidad 2022","datePublished":"2023-01-03T13:38:00+00:00","dateModified":"2025-02-20T16:40:22+00:00","mainEntityOfPage":{"@id":"https:\/\/alfaloc.pt\/es\/alfaloc-film-para-navidad-2022\/"},"wordCount":554,"image":{"@id":"https:\/\/alfaloc.pt\/es\/alfaloc-film-para-navidad-2022\/#primaryimage"},"thumbnailUrl":"https:\/\/alfaloc.pt\/wp-content\/uploads\/2024\/07\/natal_alfaloc_2022.jpg","keywords":["gente","Navidad","sostenibilidad"],"articleSection":["Efem\u00e9rides","Noticia"],"inLanguage":"es"},{"@type":"WebPage","@id":"https:\/\/alfaloc.pt\/es\/alfaloc-film-para-navidad-2022\/","url":"https:\/\/alfaloc.pt\/es\/alfaloc-film-para-navidad-2022\/","name":"Alfaloc Film para Navidad 2022 - Alfaloc","isPartOf":{"@id":"https:\/\/alfaloc.pt\/es\/#website"},"primaryImageOfPage":{"@id":"https:\/\/alfaloc.pt\/es\/alfaloc-film-para-navidad-2022\/#primaryimage"},"image":{"@id":"https:\/\/alfaloc.pt\/es\/alfaloc-film-para-navidad-2022\/#primaryimage"},"thumbnailUrl":"https:\/\/alfaloc.pt\/wp-content\/uploads\/2024\/07\/natal_alfaloc_2022.jpg","datePublished":"2023-01-03T13:38:00+00:00","dateModified":"2025-02-20T16:40:22+00:00","author":{"@id":"https:\/\/alfaloc.pt\/es\/#\/schema\/person\/ed0cfa42f4cd540bd2e7c85f0f50e391"},"description":"La Navidad es donde tenemos que estar. Este fue el lema de la pel\u00edcula de Alfaloc para la Navidad de 2022. Creemos que la tradici\u00f3n la hacemos nosotros y que...","breadcrumb":{"@id":"https:\/\/alfaloc.pt\/es\/alfaloc-film-para-navidad-2022\/#breadcrumb"},"inLanguage":"es","potentialAction":[{"@type":"ReadAction","target":["https:\/\/alfaloc.pt\/es\/alfaloc-film-para-navidad-2022\/"]}]},{"@type":"ImageObject","inLanguage":"es","@id":"https:\/\/alfaloc.pt\/es\/alfaloc-film-para-navidad-2022\/#primaryimage","url":"https:\/\/alfaloc.pt\/wp-content\/uploads\/2024\/07\/natal_alfaloc_2022.jpg","contentUrl":"https:\/\/alfaloc.pt\/wp-content\/uploads\/2024\/07\/natal_alfaloc_2022.jpg","width":1133,"height":591,"caption":"Natal Alfaloc 2022"},{"@type":"BreadcrumbList","@id":"https:\/\/alfaloc.pt\/es\/alfaloc-film-para-navidad-2022\/#breadcrumb","itemListElement":[{"@type":"ListItem","position":1,"name":"In\u00edcio","item":"https:\/\/alfaloc.pt\/es\/"},{"@type":"ListItem","position":2,"name":"Alfaloc Film para Navidad 2022"}]},{"@type":"WebSite","@id":"https:\/\/alfaloc.pt\/es\/#website","url":"https:\/\/alfaloc.pt\/es\/","name":"Alfaloc","description":"","potentialAction":[{"@type":"SearchAction","target":{"@type":"EntryPoint","urlTemplate":"https:\/\/alfaloc.pt\/es\/?s={search_term_string}"},"query-input":{"@type":"PropertyValueSpecification","valueRequired":true,"valueName":"search_term_string"}}],"inLanguage":"es"},{"@type":"Person","@id":"https:\/\/alfaloc.pt\/es\/#\/schema\/person\/ed0cfa42f4cd540bd2e7c85f0f50e391","name":"brunolemos","image":{"@type":"ImageObject","inLanguage":"es","@id":"https:\/\/secure.gravatar.com\/avatar\/528f8d3c5a88b639333e4db1f30f85f1f0e346812aa0f84176a8d22a3e0862db?s=96&d=mm&r=g","url":"https:\/\/secure.gravatar.com\/avatar\/528f8d3c5a88b639333e4db1f30f85f1f0e346812aa0f84176a8d22a3e0862db?s=96&d=mm&r=g","contentUrl":"https:\/\/secure.gravatar.com\/avatar\/528f8d3c5a88b639333e4db1f30f85f1f0e346812aa0f84176a8d22a3e0862db?s=96&d=mm&r=g","caption":"brunolemos"},"url":"https:\/\/alfaloc.pt\/es\/author\/brunolemos\/"}]}},"_links":{"self":[{"href":"https:\/\/alfaloc.pt\/es\/wp-json\/wp\/v2\/posts\/11837","targetHints":{"allow":["GET"]}}],"collection":[{"href":"https:\/\/alfaloc.pt\/es\/wp-json\/wp\/v2\/posts"}],"about":[{"href":"https:\/\/alfaloc.pt\/es\/wp-json\/wp\/v2\/types\/post"}],"author":[{"embeddable":true,"href":"https:\/\/alfaloc.pt\/es\/wp-json\/wp\/v2\/users\/4"}],"replies":[{"embeddable":true,"href":"https:\/\/alfaloc.pt\/es\/wp-json\/wp\/v2\/comments?post=11837"}],"version-history":[{"count":1,"href":"https:\/\/alfaloc.pt\/es\/wp-json\/wp\/v2\/posts\/11837\/revisions"}],"predecessor-version":[{"id":11838,"href":"https:\/\/alfaloc.pt\/es\/wp-json\/wp\/v2\/posts\/11837\/revisions\/11838"}],"wp:featuredmedia":[{"embeddable":true,"href":"https:\/\/alfaloc.pt\/es\/wp-json\/wp\/v2\/media\/10011"}],"wp:attachment":[{"href":"https:\/\/alfaloc.pt\/es\/wp-json\/wp\/v2\/media?parent=11837"}],"wp:term":[{"taxonomy":"category","embeddable":true,"href":"https:\/\/alfaloc.pt\/es\/wp-json\/wp\/v2\/categories?post=11837"},{"taxonomy":"post_tag","embeddable":true,"href":"https:\/\/alfaloc.pt\/es\/wp-json\/wp\/v2\/tags?post=11837"}],"curies":[{"name":"wp","href":"https:\/\/api.w.org\/{rel}","templated":true}]}}