{"id":11831,"date":"2022-06-03T14:42:00","date_gmt":"2022-06-03T14:42:00","guid":{"rendered":"https:\/\/alfaloc.pt\/entrevista-alfaloc-un-ano-en-el-norte-de-portugal\/"},"modified":"2025-02-20T16:40:25","modified_gmt":"2025-02-20T16:40:25","slug":"entrevista-alfaloc-un-ano-en-el-norte-de-portugal","status":"publish","type":"post","link":"https:\/\/alfaloc.pt\/es\/entrevista-alfaloc-un-ano-en-el-norte-de-portugal\/","title":{"rendered":"Entrevista Alfaloc: Un a\u00f1o en el norte de Portugal"},"content":{"rendered":"\n<h2 class=\"wp-block-heading\" id=\"h-um-ano-de-alfaloc-a-norte-de-portugal\">UN A\u00d1O DE ALFALOC EN EL NORTE DE PORTUGAL<\/h2>\n\n<p>Esta semana fuimos a hablar con <strong>F\u00e1bio dos Santos<\/strong>, Director de la unidad de negocios Alfaloc que opera en <em>Famalic\u00e3o<\/em>,<em> Guimar\u00e3es<\/em>,<em> Trofa<\/em>, <em>Santo Tirso<\/em>,<em> Braga <\/em>y<em> Barcelos<\/em>.<br\/><br\/>Tratemos de entender qu\u00e9 desaf\u00edos surgieron de una inversi\u00f3n iniciada en un per\u00edodo cr\u00edtico de confinamiento, c\u00f3mo est\u00e1 siendo la respuesta del mercado y cu\u00e1les son las perspectivas para el futuro cercano.<\/p>\n\n<figure class=\"wp-block-image size-full\"><img fetchpriority=\"high\" decoding=\"async\" width=\"700\" height=\"394\" src=\"https:\/\/alfaloc.pt\/wp-content\/uploads\/2024\/08\/noticia_norte-portugal-entrevisat.jpg\" alt=\"\" class=\"wp-image-7529\" srcset=\"https:\/\/alfaloc.pt\/wp-content\/uploads\/2024\/08\/noticia_norte-portugal-entrevisat.jpg 700w, https:\/\/alfaloc.pt\/wp-content\/uploads\/2024\/08\/noticia_norte-portugal-entrevisat-300x169.jpg 300w\" sizes=\"(max-width: 700px) 100vw, 700px\" \/><\/figure>\n\n<h4 class=\"wp-block-heading\" id=\"h-boa-tarde-fabio-um-ano-de-famalicao-o-que-mais-o-apaixona-nesta-regiao\"><strong><mark style=\"background-color:rgba(0, 0, 0, 0)\" class=\"has-inline-color has-black-color\">\u00a1Buenas tardes F\u00e1bio, un a\u00f1o de Famalic\u00e3o! \u00bfQu\u00e9 es lo que m\u00e1s te apasiona de esta regi\u00f3n? <\/mark><\/strong><\/h4>\n\n<p><strong>F\u00e1bio dos Santos:<\/strong> \u00a1Es cierto, c\u00f3mo vuela el tiempo! Hemos estado aqu\u00ed durante 1 a\u00f1o. S\u00e9 que es un clich\u00e9, pero lo que m\u00e1s me gusta son las personas con las que contactamos: la amabilidad con la que nos reciben, la sinceridad cuando nos dicen <em>\u00abtodav\u00eda no conozco este servicio\u00bb,<\/em> la facilidad para darnos una oportunidad y trabajar juntos en algo diferente y mejor, la forma en que compartimos momentos de la vida de todos nosotros.  <\/p>\n\n<h4 class=\"wp-block-heading\" id=\"h-mas-pelo-que-sabemos-o-fabio-nao-e-um-verdadeiro-nbsp-homem-do-norte\"><strong>Pero, hasta donde sabemos, \u00bfno es F\u00e1bio un verdadero <em>\u00abhombre del norte\u00bb<\/em>?<\/strong><\/h4>\n\n<p><strong>F\u00e1bio dos Santos:<\/strong> No y s\u00ed. De hecho, soy de una parroquia de Leiria, con un nombre muy curioso: Amor. Pero he desarrollado gran parte de mi actividad profesional en el Norte. Una regi\u00f3n incre\u00edble, con mucha fuerza industrial, excelente gastronom\u00eda y paisajes verdes que me encantan.   <\/p>\n\n<h4 class=\"wp-block-heading\" id=\"h-quando-a-alfaloc-decidiu-investir-nesta-regiao-de-que-forma-nbsp-considerou-que-poderia-ajudar-estas-empresas\"><strong>Cuando Alfaloc decidi\u00f3 invertir en esta regi\u00f3n, \u00bfc\u00f3mo pens\u00f3 que pod\u00eda ayudar a estas empresas?<\/strong><\/h4>\n\n<p><strong>F\u00e1bio dos Santos:<\/strong> Somos un agente de soluciones de transporte para empresas. Estamos centrados en el \u00e1rea de furgonetas internacionales y nacionales dedicadas y compartidas y tambi\u00e9n en el correo urgente, cubriendo tambi\u00e9n muchas m\u00e1s \u00e1reas como mensajer\u00eda, ch\u00e1rter, carga a\u00e9rea o despacho de aduanas. Suelo decir que las empresas deben mirarnos como su departamento de transporte: estamos aqu\u00ed para ayudar, aclarar y aportar soluciones adaptadas a cada uno.  <\/p>\n\n<h4 class=\"wp-block-heading\" id=\"h-investir-a-meio-de-uma-pandemia-e-so-para-verdadeiros-empreendedores-nao-foi-demasiado-arriscado\"><strong>Invertir en medio de una pandemia es solo para los verdaderos emprendedores. \u00bfNo era demasiado arriesgado? <\/strong><\/h4>\n\n<p><strong>F\u00e1bio dos Santos:<\/strong> Siempre habr\u00e1 miedos a la hora de invertir, ya sea en una pandemia o en otro momento, porque cuando no tenemos el \u00e1nimo para actuar, nos encontramos con problemas en cada situaci\u00f3n. El punto aqu\u00ed era encontrar oportunidades. Con 26 a\u00f1os en el mercado, ya tenemos el <em>know-how<\/em> suficiente para saberlo y entender que podemos aportar valor a\u00f1adido a nuestros clientes. A pesar de ser una pandemia, muchas empresas no han dejado de exportar (e importar) y necesitan un socio de confianza que les ayude.     <em><strong>Ese socio somos nosotros.<\/strong><\/em><\/p>\n\n<h4 class=\"wp-block-heading\" id=\"h-ja-e-possivel-fazer-um-primeiro-balanco-agora-que-ja-passaram-12-meses\"><strong>\u00bfEs ya posible hacer una primera evaluaci\u00f3n? Ahora que han pasado 12 meses. <\/strong><\/h4>\n\n<p><strong>F\u00e1bio dos Santos:<\/strong> Un balance positivo, sin duda. Al principio, hab\u00eda pocos clientes en la regi\u00f3n que nos conocieran, muchos debido a los servicios dedicados a camionetas que hacemos en todo el pa\u00eds. Trajimos al mercado una actitud diferente, de cooperaci\u00f3n y ayuda mutua con los clientes, de buena disposici\u00f3n en la relaci\u00f3n.  <\/p>\n\n<h4 class=\"wp-block-heading\" id=\"h-essa-e-uma-das-imagens-de-marca-da-equipa-alfaloc\"><strong>Esta es una de las im\u00e1genes de marca del equipo Alfaloc.<\/strong><\/h4>\n\n<p><strong>F\u00e1bio dos Santos:<\/strong> S\u00ed. Para trabajar en <strong>Alfaloc<\/strong> hay que tener buen humor y buen humor, \u00a1eso no me puede faltar en mi equipo! Hoy sabemos que alfaloc est\u00e1 empezando a convertirse en una marca muy conocida en la regi\u00f3n, incluyendo clientes que nos recomiendan a otros, lo cual agradezco a todos los que difunden y nos ayudan a llegar m\u00e1s lejos.  <\/p>\n\n<h4 class=\"wp-block-heading\" id=\"h-e-o-que-se-pode-esperar-para-os-proximos-12\"><strong>\u00bfY qu\u00e9 podemos esperar para los pr\u00f3ximos 12?<\/strong><\/h4>\n\n<p><strong>F\u00e1bio dos Santos:<\/strong> Primero espero que todos nos recuperemos de 2 a\u00f1os muy complicados en cuanto a una pandemia y ahora de una guerra en Europa. Es importante tener esperanza en un mundo mejor y as\u00ed se hace. Teniendo esto, espero un crecimiento continuo y sostenible, con m\u00e1s empresas conoci\u00e9ndonos y con un uso a\u00fan mayor de servicios como <em>Rocket<\/em>, <em>Sharing<\/em>, <em>SONYC<\/em> o <em>Courier-on-board<\/em>.  <\/p>\n\n<h4 class=\"wp-block-heading\" id=\"h-a-alfaloc-continua-a-inovar-com-o-lancamento-de-servicos-nbsp-como-nbsp-o-sonyc-o-que-o-distingue-de-outros-servicos\"><strong>Alfaloc sigue innovando con el lanzamiento de servicios como SONYC. \u00bfQu\u00e9 lo distingue de otros servicios? <\/strong><\/h4>\n\n<p><strong>F\u00e1bio dos Santos:<\/strong> La palabra importante aqu\u00ed es <em>\u00abinnovaci\u00f3n\u00bb<\/em>: quer\u00edamos traer algo nuevo al mercado para cargas de m\u00e1s de 150 kg y <strong><em>SONYC<\/em><\/strong> es ese soplo de aire fresco. B\u00e1sicamente, SONYC combina la velocidad de la aeronave con la seguridad y flexibilidad de la furgoneta dedicada y se distingue de otros servicios por esta raz\u00f3n: podemos entregar 2 palets de 300 kg cada uno en el centro de Europa en menos de 24 horas despu\u00e9s de la recogida, o podemos hacerlo con veh\u00edculos que tengan la integridad de la carga o la flexibilidad necesaria en los horarios de entrega. Pero mejor que explicar, en realidad es consultarnos para entender c\u00f3mo podemos ayudar <em>(risas).<\/em>  <\/p>\n\n<h4 class=\"wp-block-heading\" id=\"h-como-sera-a-alfaloc-daqui-a-5-anos-principalmente-aqui-a-norte-de-portugal\"><strong>\u00bfC\u00f3mo ser\u00e1 Alfaloc dentro de 5 a\u00f1os, especialmente aqu\u00ed en el norte de Portugal?<\/strong><\/h4>\n\n<p><strong>F\u00e1bio dos Santos:<\/strong> Lo veo como un socio comercial habitual para las empresas exportadoras e importadoras, para las empresas para las que el tiempo y la urgencia son cr\u00edticos, para las que la confianza es esencial. Lo veo como una empresa en la que los empleados sienten que su trabajo es desafiante y reconocido, externa e internamente. Creo que nuestros proveedores tambi\u00e9n nos ver\u00e1n como un cliente importante y confiable.  <\/p>\n\n<h4 class=\"wp-block-heading\" id=\"h-curioso-essa-referencia-tambem-aos-parceiros\"><strong>Esta referencia a los socios tambi\u00e9n es curiosa.<\/strong><\/h4>\n\n<p><strong>F\u00e1bio dos Santos:<\/strong> <strong>No es curioso, es parte de nosotros.<\/strong> <strong>Alfaloc es eso, es esa comuni\u00f3n, ese equilibrio entre todas las partes.<br\/><\/strong>Pozo&#8230;. Y por \u00faltimo, quiero creer que la regi\u00f3n Norte en la que estamos hoy nos ve como una de las empresas que se enorgullece de tener en su territorio.<\/p>\n","protected":false},"excerpt":{"rendered":"<p>UN A\u00d1O DE ALFALOC EN EL NORTE DE PORTUGAL Esta semana fuimos a hablar con F\u00e1bio dos Santos, Director de la unidad de negocios Alfaloc que opera en Famalic\u00e3o, Guimar\u00e3es, Trofa, Santo Tirso, Braga y Barcelos. Tratemos de entender qu\u00e9 desaf\u00edos surgieron de una inversi\u00f3n iniciada en un per\u00edodo cr\u00edtico de confinamiento, c\u00f3mo est\u00e1 siendo [&hellip;]<\/p>\n","protected":false},"author":5,"featured_media":10293,"comment_status":"closed","ping_status":"open","sticky":false,"template":"","format":"standard","meta":{"footnotes":""},"categories":[277,227,217],"tags":[273,647,643,506,641,220,642,644,646,645],"class_list":["post-11831","post","type-post","status-publish","format-standard","has-post-thumbnail","hentry","category-delegaciones","category-gente","category-noticia","tag-alfaloc-es","tag-barcelos-es","tag-braga-es","tag-envios-internacionales","tag-famalicao-es","tag-gente","tag-guimaraes-es","tag-litornal-norte-es","tag-santo-tirso-es","tag-trofeo"],"yoast_head":"<!-- This site is optimized with the Yoast SEO Premium plugin v27.5 (Yoast SEO v27.5) - https:\/\/yoast.com\/product\/yoast-seo-premium-wordpress\/ -->\n<title>Entrevista Alfaloc: Un a\u00f1o en el norte de Portugal - Alfaloc<\/title>\n<meta name=\"description\" content=\"Esta semana fuimos a conversar con F\u00e1bio dos Santos, Director de la unidad de negocios Alfaloc que opera en la regi\u00f3n de la Costa Norte del pa\u00eds.\" \/>\n<meta name=\"robots\" content=\"index, follow, max-snippet:-1, max-image-preview:large, max-video-preview:-1\" \/>\n<link rel=\"canonical\" href=\"https:\/\/alfaloc.pt\/es\/entrevista-alfaloc-un-ano-en-el-norte-de-portugal\/\" \/>\n<meta property=\"og:locale\" content=\"es_ES\" \/>\n<meta property=\"og:type\" content=\"article\" \/>\n<meta property=\"og:title\" content=\"Entrevista Alfaloc: Un a\u00f1o en el norte de Portugal\" \/>\n<meta property=\"og:description\" content=\"Esta semana fuimos a conversar con F\u00e1bio dos Santos, Director de la unidad de negocios Alfaloc que opera en la regi\u00f3n de la Costa Norte del pa\u00eds.\" \/>\n<meta property=\"og:url\" content=\"https:\/\/alfaloc.pt\/es\/entrevista-alfaloc-un-ano-en-el-norte-de-portugal\/\" \/>\n<meta property=\"og:site_name\" content=\"Alfaloc\" \/>\n<meta property=\"article:published_time\" content=\"2022-06-03T14:42:00+00:00\" \/>\n<meta property=\"article:modified_time\" content=\"2025-02-20T16:40:25+00:00\" \/>\n<meta property=\"og:image\" content=\"https:\/\/alfaloc.pt\/wp-content\/uploads\/2024\/08\/noticia_norte-portugal-entrevisat.jpg\" \/>\n\t<meta property=\"og:image:width\" content=\"700\" \/>\n\t<meta property=\"og:image:height\" content=\"394\" \/>\n\t<meta property=\"og:image:type\" content=\"image\/jpeg\" \/>\n<meta name=\"author\" content=\"anitaricardo\" \/>\n<meta name=\"twitter:card\" content=\"summary_large_image\" \/>\n<meta name=\"twitter:label1\" content=\"Escrito por\" \/>\n\t<meta name=\"twitter:data1\" content=\"anitaricardo\" \/>\n\t<meta name=\"twitter:label2\" content=\"Tiempo de lectura\" \/>\n\t<meta name=\"twitter:data2\" content=\"5 minutos\" \/>\n<script type=\"application\/ld+json\" class=\"yoast-schema-graph\">{\"@context\":\"https:\\\/\\\/schema.org\",\"@graph\":[{\"@type\":\"Article\",\"@id\":\"https:\\\/\\\/alfaloc.pt\\\/es\\\/entrevista-alfaloc-un-ano-en-el-norte-de-portugal\\\/#article\",\"isPartOf\":{\"@id\":\"https:\\\/\\\/alfaloc.pt\\\/es\\\/entrevista-alfaloc-un-ano-en-el-norte-de-portugal\\\/\"},\"author\":{\"name\":\"anitaricardo\",\"@id\":\"https:\\\/\\\/alfaloc.pt\\\/es\\\/#\\\/schema\\\/person\\\/6e8bc905f7d2b369fccf0273fc35cd80\"},\"headline\":\"Entrevista Alfaloc: Un a\u00f1o en el norte de Portugal\",\"datePublished\":\"2022-06-03T14:42:00+00:00\",\"dateModified\":\"2025-02-20T16:40:25+00:00\",\"mainEntityOfPage\":{\"@id\":\"https:\\\/\\\/alfaloc.pt\\\/es\\\/entrevista-alfaloc-un-ano-en-el-norte-de-portugal\\\/\"},\"wordCount\":973,\"image\":{\"@id\":\"https:\\\/\\\/alfaloc.pt\\\/es\\\/entrevista-alfaloc-un-ano-en-el-norte-de-portugal\\\/#primaryimage\"},\"thumbnailUrl\":\"https:\\\/\\\/alfaloc.pt\\\/wp-content\\\/uploads\\\/2024\\\/08\\\/noticia_norte-portugal-entrevisat.jpg\",\"keywords\":[\"Alfaloc\",\"Barcelos\",\"Braga\",\"Env\u00edos Internacionales\",\"Famalic\u00e3o\",\"gente\",\"Guimar\u00e3es\",\"Litornal Norte\",\"Santo Tirso\",\"Trofeo\"],\"articleSection\":[\"Delegaciones\",\"Gente\",\"Noticia\"],\"inLanguage\":\"es\"},{\"@type\":\"WebPage\",\"@id\":\"https:\\\/\\\/alfaloc.pt\\\/es\\\/entrevista-alfaloc-un-ano-en-el-norte-de-portugal\\\/\",\"url\":\"https:\\\/\\\/alfaloc.pt\\\/es\\\/entrevista-alfaloc-un-ano-en-el-norte-de-portugal\\\/\",\"name\":\"Entrevista Alfaloc: Un a\u00f1o en el norte de Portugal - Alfaloc\",\"isPartOf\":{\"@id\":\"https:\\\/\\\/alfaloc.pt\\\/es\\\/#website\"},\"primaryImageOfPage\":{\"@id\":\"https:\\\/\\\/alfaloc.pt\\\/es\\\/entrevista-alfaloc-un-ano-en-el-norte-de-portugal\\\/#primaryimage\"},\"image\":{\"@id\":\"https:\\\/\\\/alfaloc.pt\\\/es\\\/entrevista-alfaloc-un-ano-en-el-norte-de-portugal\\\/#primaryimage\"},\"thumbnailUrl\":\"https:\\\/\\\/alfaloc.pt\\\/wp-content\\\/uploads\\\/2024\\\/08\\\/noticia_norte-portugal-entrevisat.jpg\",\"datePublished\":\"2022-06-03T14:42:00+00:00\",\"dateModified\":\"2025-02-20T16:40:25+00:00\",\"author\":{\"@id\":\"https:\\\/\\\/alfaloc.pt\\\/es\\\/#\\\/schema\\\/person\\\/6e8bc905f7d2b369fccf0273fc35cd80\"},\"description\":\"Esta semana fuimos a conversar con F\u00e1bio dos Santos, Director de la unidad de negocios Alfaloc que opera en la regi\u00f3n de la Costa Norte del pa\u00eds.\",\"breadcrumb\":{\"@id\":\"https:\\\/\\\/alfaloc.pt\\\/es\\\/entrevista-alfaloc-un-ano-en-el-norte-de-portugal\\\/#breadcrumb\"},\"inLanguage\":\"es\",\"potentialAction\":[{\"@type\":\"ReadAction\",\"target\":[\"https:\\\/\\\/alfaloc.pt\\\/es\\\/entrevista-alfaloc-un-ano-en-el-norte-de-portugal\\\/\"]}]},{\"@type\":\"ImageObject\",\"inLanguage\":\"es\",\"@id\":\"https:\\\/\\\/alfaloc.pt\\\/es\\\/entrevista-alfaloc-un-ano-en-el-norte-de-portugal\\\/#primaryimage\",\"url\":\"https:\\\/\\\/alfaloc.pt\\\/wp-content\\\/uploads\\\/2024\\\/08\\\/noticia_norte-portugal-entrevisat.jpg\",\"contentUrl\":\"https:\\\/\\\/alfaloc.pt\\\/wp-content\\\/uploads\\\/2024\\\/08\\\/noticia_norte-portugal-entrevisat.jpg\",\"width\":700,\"height\":394},{\"@type\":\"BreadcrumbList\",\"@id\":\"https:\\\/\\\/alfaloc.pt\\\/es\\\/entrevista-alfaloc-un-ano-en-el-norte-de-portugal\\\/#breadcrumb\",\"itemListElement\":[{\"@type\":\"ListItem\",\"position\":1,\"name\":\"In\u00edcio\",\"item\":\"https:\\\/\\\/alfaloc.pt\\\/es\\\/\"},{\"@type\":\"ListItem\",\"position\":2,\"name\":\"Entrevista Alfaloc: Un a\u00f1o en el norte de Portugal\"}]},{\"@type\":\"WebSite\",\"@id\":\"https:\\\/\\\/alfaloc.pt\\\/es\\\/#website\",\"url\":\"https:\\\/\\\/alfaloc.pt\\\/es\\\/\",\"name\":\"Alfaloc\",\"description\":\"\",\"potentialAction\":[{\"@type\":\"SearchAction\",\"target\":{\"@type\":\"EntryPoint\",\"urlTemplate\":\"https:\\\/\\\/alfaloc.pt\\\/es\\\/?s={search_term_string}\"},\"query-input\":{\"@type\":\"PropertyValueSpecification\",\"valueRequired\":true,\"valueName\":\"search_term_string\"}}],\"inLanguage\":\"es\"},{\"@type\":\"Person\",\"@id\":\"https:\\\/\\\/alfaloc.pt\\\/es\\\/#\\\/schema\\\/person\\\/6e8bc905f7d2b369fccf0273fc35cd80\",\"name\":\"anitaricardo\",\"image\":{\"@type\":\"ImageObject\",\"inLanguage\":\"es\",\"@id\":\"https:\\\/\\\/secure.gravatar.com\\\/avatar\\\/9e5ec89c52b1d32d7ab680e5de52c29e4c855c3ecd63735926f623145fb3517a?s=96&d=mm&r=g\",\"url\":\"https:\\\/\\\/secure.gravatar.com\\\/avatar\\\/9e5ec89c52b1d32d7ab680e5de52c29e4c855c3ecd63735926f623145fb3517a?s=96&d=mm&r=g\",\"contentUrl\":\"https:\\\/\\\/secure.gravatar.com\\\/avatar\\\/9e5ec89c52b1d32d7ab680e5de52c29e4c855c3ecd63735926f623145fb3517a?s=96&d=mm&r=g\",\"caption\":\"anitaricardo\"},\"url\":\"https:\\\/\\\/alfaloc.pt\\\/es\\\/author\\\/anitaricardo\\\/\"}]}<\/script>\n<!-- \/ Yoast SEO Premium plugin. -->","yoast_head_json":{"title":"Entrevista Alfaloc: Un a\u00f1o en el norte de Portugal - Alfaloc","description":"Esta semana fuimos a conversar con F\u00e1bio dos Santos, Director de la unidad de negocios Alfaloc que opera en la regi\u00f3n de la Costa Norte del pa\u00eds.","robots":{"index":"index","follow":"follow","max-snippet":"max-snippet:-1","max-image-preview":"max-image-preview:large","max-video-preview":"max-video-preview:-1"},"canonical":"https:\/\/alfaloc.pt\/es\/entrevista-alfaloc-un-ano-en-el-norte-de-portugal\/","og_locale":"es_ES","og_type":"article","og_title":"Entrevista Alfaloc: Un a\u00f1o en el norte de Portugal","og_description":"Esta semana fuimos a conversar con F\u00e1bio dos Santos, Director de la unidad de negocios Alfaloc que opera en la regi\u00f3n de la Costa Norte del pa\u00eds.","og_url":"https:\/\/alfaloc.pt\/es\/entrevista-alfaloc-un-ano-en-el-norte-de-portugal\/","og_site_name":"Alfaloc","article_published_time":"2022-06-03T14:42:00+00:00","article_modified_time":"2025-02-20T16:40:25+00:00","og_image":[{"width":700,"height":394,"url":"https:\/\/alfaloc.pt\/wp-content\/uploads\/2024\/08\/noticia_norte-portugal-entrevisat.jpg","type":"image\/jpeg"}],"author":"anitaricardo","twitter_card":"summary_large_image","twitter_misc":{"Escrito por":"anitaricardo","Tiempo de lectura":"5 minutos"},"schema":{"@context":"https:\/\/schema.org","@graph":[{"@type":"Article","@id":"https:\/\/alfaloc.pt\/es\/entrevista-alfaloc-un-ano-en-el-norte-de-portugal\/#article","isPartOf":{"@id":"https:\/\/alfaloc.pt\/es\/entrevista-alfaloc-un-ano-en-el-norte-de-portugal\/"},"author":{"name":"anitaricardo","@id":"https:\/\/alfaloc.pt\/es\/#\/schema\/person\/6e8bc905f7d2b369fccf0273fc35cd80"},"headline":"Entrevista Alfaloc: Un a\u00f1o en el norte de Portugal","datePublished":"2022-06-03T14:42:00+00:00","dateModified":"2025-02-20T16:40:25+00:00","mainEntityOfPage":{"@id":"https:\/\/alfaloc.pt\/es\/entrevista-alfaloc-un-ano-en-el-norte-de-portugal\/"},"wordCount":973,"image":{"@id":"https:\/\/alfaloc.pt\/es\/entrevista-alfaloc-un-ano-en-el-norte-de-portugal\/#primaryimage"},"thumbnailUrl":"https:\/\/alfaloc.pt\/wp-content\/uploads\/2024\/08\/noticia_norte-portugal-entrevisat.jpg","keywords":["Alfaloc","Barcelos","Braga","Env\u00edos Internacionales","Famalic\u00e3o","gente","Guimar\u00e3es","Litornal Norte","Santo Tirso","Trofeo"],"articleSection":["Delegaciones","Gente","Noticia"],"inLanguage":"es"},{"@type":"WebPage","@id":"https:\/\/alfaloc.pt\/es\/entrevista-alfaloc-un-ano-en-el-norte-de-portugal\/","url":"https:\/\/alfaloc.pt\/es\/entrevista-alfaloc-un-ano-en-el-norte-de-portugal\/","name":"Entrevista Alfaloc: Un a\u00f1o en el norte de Portugal - Alfaloc","isPartOf":{"@id":"https:\/\/alfaloc.pt\/es\/#website"},"primaryImageOfPage":{"@id":"https:\/\/alfaloc.pt\/es\/entrevista-alfaloc-un-ano-en-el-norte-de-portugal\/#primaryimage"},"image":{"@id":"https:\/\/alfaloc.pt\/es\/entrevista-alfaloc-un-ano-en-el-norte-de-portugal\/#primaryimage"},"thumbnailUrl":"https:\/\/alfaloc.pt\/wp-content\/uploads\/2024\/08\/noticia_norte-portugal-entrevisat.jpg","datePublished":"2022-06-03T14:42:00+00:00","dateModified":"2025-02-20T16:40:25+00:00","author":{"@id":"https:\/\/alfaloc.pt\/es\/#\/schema\/person\/6e8bc905f7d2b369fccf0273fc35cd80"},"description":"Esta semana fuimos a conversar con F\u00e1bio dos Santos, Director de la unidad de negocios Alfaloc que opera en la regi\u00f3n de la Costa Norte del pa\u00eds.","breadcrumb":{"@id":"https:\/\/alfaloc.pt\/es\/entrevista-alfaloc-un-ano-en-el-norte-de-portugal\/#breadcrumb"},"inLanguage":"es","potentialAction":[{"@type":"ReadAction","target":["https:\/\/alfaloc.pt\/es\/entrevista-alfaloc-un-ano-en-el-norte-de-portugal\/"]}]},{"@type":"ImageObject","inLanguage":"es","@id":"https:\/\/alfaloc.pt\/es\/entrevista-alfaloc-un-ano-en-el-norte-de-portugal\/#primaryimage","url":"https:\/\/alfaloc.pt\/wp-content\/uploads\/2024\/08\/noticia_norte-portugal-entrevisat.jpg","contentUrl":"https:\/\/alfaloc.pt\/wp-content\/uploads\/2024\/08\/noticia_norte-portugal-entrevisat.jpg","width":700,"height":394},{"@type":"BreadcrumbList","@id":"https:\/\/alfaloc.pt\/es\/entrevista-alfaloc-un-ano-en-el-norte-de-portugal\/#breadcrumb","itemListElement":[{"@type":"ListItem","position":1,"name":"In\u00edcio","item":"https:\/\/alfaloc.pt\/es\/"},{"@type":"ListItem","position":2,"name":"Entrevista Alfaloc: Un a\u00f1o en el norte de Portugal"}]},{"@type":"WebSite","@id":"https:\/\/alfaloc.pt\/es\/#website","url":"https:\/\/alfaloc.pt\/es\/","name":"Alfaloc","description":"","potentialAction":[{"@type":"SearchAction","target":{"@type":"EntryPoint","urlTemplate":"https:\/\/alfaloc.pt\/es\/?s={search_term_string}"},"query-input":{"@type":"PropertyValueSpecification","valueRequired":true,"valueName":"search_term_string"}}],"inLanguage":"es"},{"@type":"Person","@id":"https:\/\/alfaloc.pt\/es\/#\/schema\/person\/6e8bc905f7d2b369fccf0273fc35cd80","name":"anitaricardo","image":{"@type":"ImageObject","inLanguage":"es","@id":"https:\/\/secure.gravatar.com\/avatar\/9e5ec89c52b1d32d7ab680e5de52c29e4c855c3ecd63735926f623145fb3517a?s=96&d=mm&r=g","url":"https:\/\/secure.gravatar.com\/avatar\/9e5ec89c52b1d32d7ab680e5de52c29e4c855c3ecd63735926f623145fb3517a?s=96&d=mm&r=g","contentUrl":"https:\/\/secure.gravatar.com\/avatar\/9e5ec89c52b1d32d7ab680e5de52c29e4c855c3ecd63735926f623145fb3517a?s=96&d=mm&r=g","caption":"anitaricardo"},"url":"https:\/\/alfaloc.pt\/es\/author\/anitaricardo\/"}]}},"_links":{"self":[{"href":"https:\/\/alfaloc.pt\/es\/wp-json\/wp\/v2\/posts\/11831","targetHints":{"allow":["GET"]}}],"collection":[{"href":"https:\/\/alfaloc.pt\/es\/wp-json\/wp\/v2\/posts"}],"about":[{"href":"https:\/\/alfaloc.pt\/es\/wp-json\/wp\/v2\/types\/post"}],"author":[{"embeddable":true,"href":"https:\/\/alfaloc.pt\/es\/wp-json\/wp\/v2\/users\/5"}],"replies":[{"embeddable":true,"href":"https:\/\/alfaloc.pt\/es\/wp-json\/wp\/v2\/comments?post=11831"}],"version-history":[{"count":1,"href":"https:\/\/alfaloc.pt\/es\/wp-json\/wp\/v2\/posts\/11831\/revisions"}],"predecessor-version":[{"id":11832,"href":"https:\/\/alfaloc.pt\/es\/wp-json\/wp\/v2\/posts\/11831\/revisions\/11832"}],"wp:featuredmedia":[{"embeddable":true,"href":"https:\/\/alfaloc.pt\/es\/wp-json\/wp\/v2\/media\/10293"}],"wp:attachment":[{"href":"https:\/\/alfaloc.pt\/es\/wp-json\/wp\/v2\/media?parent=11831"}],"wp:term":[{"taxonomy":"category","embeddable":true,"href":"https:\/\/alfaloc.pt\/es\/wp-json\/wp\/v2\/categories?post=11831"},{"taxonomy":"post_tag","embeddable":true,"href":"https:\/\/alfaloc.pt\/es\/wp-json\/wp\/v2\/tags?post=11831"}],"curies":[{"name":"wp","href":"https:\/\/api.w.org\/{rel}","templated":true}]}}