{"id":11741,"date":"2020-03-17T08:18:00","date_gmt":"2020-03-17T08:18:00","guid":{"rendered":"https:\/\/alfaloc.pt\/alfaloc-transportes-entrega-bolsa-industria-2019-2020\/"},"modified":"2025-02-20T16:41:00","modified_gmt":"2025-02-20T16:41:00","slug":"alfaloc-transportes-entrega-bolsa-industria-2019-2020","status":"publish","type":"post","link":"https:\/\/alfaloc.pt\/es\/alfaloc-transportes-entrega-bolsa-industria-2019-2020\/","title":{"rendered":"Alfaloc Transportes entrega Bolsa + Ind\u00fastria 2019\/2020"},"content":{"rendered":"\n<h2 class=\"wp-block-heading\" id=\"h-a-dedicacao-e-o-esforco-quando-combinados-certamente-merecem-ser-reconhecidos-e-premiados\">La dedicaci\u00f3n y el esfuerzo, cuando se combinan, sin duda merecen ser reconocidos y premiados.<\/h2>\n\n<figure class=\"wp-block-image size-large\"><img fetchpriority=\"high\" decoding=\"async\" width=\"1024\" height=\"537\" src=\"https:\/\/alfaloc.pt\/wp-content\/uploads\/2024\/08\/noticia-mais-industria-1024x537.jpg\" alt=\"\" class=\"wp-image-6924\" srcset=\"https:\/\/alfaloc.pt\/wp-content\/uploads\/2024\/08\/noticia-mais-industria-1024x537.jpg 1024w, https:\/\/alfaloc.pt\/wp-content\/uploads\/2024\/08\/noticia-mais-industria-300x157.jpg 300w, https:\/\/alfaloc.pt\/wp-content\/uploads\/2024\/08\/noticia-mais-industria-768x403.jpg 768w, https:\/\/alfaloc.pt\/wp-content\/uploads\/2024\/08\/noticia-mais-industria.jpg 1200w\" sizes=\"(max-width: 1024px) 100vw, 1024px\" \/><\/figure>\n\n<p>El pasado 3 de marzo, Alfaloc estuvo presente en la Gala + Industria del Instituto Polit\u00e9cnico de Leiria, donde se entregaron las Becas + Industria 2019\/2020. En este evento se destac\u00f3 la excelencia, dedicaci\u00f3n y resultados excepcionales de los estudiantes de IPLeiria. As\u00ed, Alfaloc concedi\u00f3 la beca a la alumna con mejor media de acceso al Grado en Marketing, <strong>Andreia Jesus.<\/strong>  <\/p>\n\n<p>El director de Marketing de Alfaloc, Bruno Lemos, entreg\u00f3 el diploma, acompa\u00f1ado por el vicepresidente de CEFAMOL, Pedro Pereira, el presidente del Instituto Polit\u00e9cnico de Leiria, Rui Pedrosa, y el presidente de NERLEI, Ant\u00f3nio Po\u00e7as.<\/p>\n\n<p><strong>Dale a Me gusta o s\u00edguenos en <a href=\"https:\/\/www.facebook.com\/alfaloc\/\" target=\"_blank\" rel=\"noreferrer noopener\">Facebook<\/a>, <a href=\"https:\/\/www.linkedin.com\/company\/alfaloc\" target=\"_blank\" rel=\"noreferrer noopener\">Linkedin<\/a> o <a href=\"https:\/\/www.instagram.com\/alfaloc.pt\/\" target=\"_blank\" rel=\"noreferrer noopener\">Instagram<\/a> desde Alfaloc para estar al d\u00eda de las novedades.<\/strong><\/p>\n\n<h3 class=\"wp-block-heading\" id=\"h-o-que-e-o-industria\">\u00bfQu\u00e9 es la Industria +?<\/h3>\n\n<p>El protocolo &#8216;Polit\u00e9cnico de Leiria + Industria&#8217; surgi\u00f3 precisamente para promover eficazmente el acercamiento entre estudiantes, profesores, investigadores y empresas de la regi\u00f3n. Para garantizar el \u00e9xito continuo, tres instituciones colaboran activamente entre s\u00ed: <\/p>\n\n<p><a href=\"https:\/\/www.cefamol.pt\/\" target=\"_blank\" rel=\"noreferrer noopener\">CEFAMOL<\/a> &#8211; Asociaci\u00f3n Nacional de la Industria del Molde<br\/><a href=\"https:\/\/www.ipleiria.pt\/\" target=\"_blank\" rel=\"noreferrer noopener\">Polit\u00e9cnico de Leiria<\/a><br\/><a href=\"https:\/\/www.nerlei.pt\/\" target=\"_blank\" rel=\"noreferrer noopener\">NERLEI &#8211; Asociaci\u00f3n Empresarial de la Regi\u00f3n de Leiria<\/a><\/p>\n\n<p>M\u00e1s que reconocer la importancia de acercar la educaci\u00f3n superior a la comunidad, especialmente al entorno empresarial, Alfaloc se une a IPLeiria porque cree firmemente que los futuros trabajadores juegan un papel esencial en el mundo laboral y la sociedad. Por ello, con mucho orgullo, Alfaloc apoya a los alumnos de la Polit\u00e9cnica de Leiria. <\/p>\n\n<p>Desde 2013, cuando se cre\u00f3 el protocolo \u00abPolit\u00e9cnico de Leiria + Industria\u00bb, ya se ha apoyado a 184 estudiantes. Con este compromiso, el objetivo sigue siendo invertir en el futuro, reconociendo y valorando el potencial de cada individuo. <\/p>\n\n<h5 class=\"wp-block-heading\" id=\"h-descubra-mais-detalhes-sobre-como-a-alfaloc-oferece-esse-apoio-essencial\"><a href=\"https:\/\/alfaloc.pt\/es\/alfaloc-apoya-a-estudiantes-de-grado-y-master\/\"><strong>Conoce m\u00e1s detalles sobre c\u00f3mo Alfaloc ofrece este apoyo esencial.<\/strong><\/a><\/h5>\n\n<h3 class=\"wp-block-heading\">\u00a1La dedicaci\u00f3n y el esfuerzo merecen ser recompensados!<\/h3>\n\n<p>Sobre el proyecto + Industria, <a href=\"https:\/\/maisindustria.ipleiria.pt\/empresas-participantes\/\" target=\"_blank\" rel=\"noreferrer noopener\">haga clic aqu\u00ed<\/a><\/p>\n\n<p>Cr\u00e9ditos de la imagen: <a href=\"https:\/\/www.facebook.com\/politecnico.de.leiria\" target=\"_blank\" rel=\"noreferrer noopener\">Facebook IPLeiria.<\/a><\/p>\n\n<p>Noticias relacionadas: <a href=\"https:\/\/www.ipleiria.pt\/blog\/cerimonia-de-atribuicao-das-bolsas-industria-20192020\/\" target=\"_blank\" rel=\"noreferrer noopener\">Blog de IPLeiria<\/a><\/p>\n","protected":false},"excerpt":{"rendered":"<p>La dedicaci\u00f3n y el esfuerzo, cuando se combinan, sin duda merecen ser reconocidos y premiados. El pasado 3 de marzo, Alfaloc estuvo presente en la Gala + Industria del Instituto Polit\u00e9cnico de Leiria, donde se entregaron las Becas + Industria 2019\/2020. En este evento se destac\u00f3 la excelencia, dedicaci\u00f3n y resultados excepcionales de los estudiantes [&hellip;]<\/p>\n","protected":false},"author":5,"featured_media":10158,"comment_status":"closed","ping_status":"open","sticky":false,"template":"","format":"standard","meta":{"footnotes":""},"categories":[217,377],"tags":[273,445,522,423,523],"class_list":["post-11741","post","type-post","status-publish","format-standard","has-post-thumbnail","hentry","category-noticia","category-prensa","tag-alfaloc-es","tag-becas","tag-industria-es","tag-ipl-es","tag-transporte"],"yoast_head":"<!-- This site is optimized with the Yoast SEO Premium plugin v27.5 (Yoast SEO v27.5) - https:\/\/yoast.com\/product\/yoast-seo-premium-wordpress\/ -->\n<title>Alfaloc Transportes entrega Bolsa + Ind\u00fastria 2019\/2020 - Alfaloc<\/title>\n<meta name=\"description\" content=\"El pasado 3 de marzo, Alfaloc estuvo presente en la Gala + Industria del Instituto Polit\u00e9cnico de Leiria.\" \/>\n<meta name=\"robots\" content=\"index, follow, max-snippet:-1, max-image-preview:large, max-video-preview:-1\" \/>\n<link rel=\"canonical\" href=\"https:\/\/alfaloc.pt\/es\/alfaloc-transportes-entrega-bolsa-industria-2019-2020\/\" \/>\n<meta property=\"og:locale\" content=\"es_ES\" \/>\n<meta property=\"og:type\" content=\"article\" \/>\n<meta property=\"og:title\" content=\"Alfaloc Transportes entrega Bolsa + Ind\u00fastria 2019\/2020\" \/>\n<meta property=\"og:description\" content=\"El pasado 3 de marzo, Alfaloc estuvo presente en la Gala + Industria del Instituto Polit\u00e9cnico de Leiria.\" \/>\n<meta property=\"og:url\" content=\"https:\/\/alfaloc.pt\/es\/alfaloc-transportes-entrega-bolsa-industria-2019-2020\/\" \/>\n<meta property=\"og:site_name\" content=\"Alfaloc\" \/>\n<meta property=\"article:published_time\" content=\"2020-03-17T08:18:00+00:00\" \/>\n<meta property=\"article:modified_time\" content=\"2025-02-20T16:41:00+00:00\" \/>\n<meta property=\"og:image\" content=\"https:\/\/alfaloc.pt\/wp-content\/uploads\/2024\/08\/noticia-mais-industria.jpg\" \/>\n\t<meta property=\"og:image:width\" content=\"1200\" \/>\n\t<meta property=\"og:image:height\" content=\"629\" \/>\n\t<meta property=\"og:image:type\" content=\"image\/jpeg\" \/>\n<meta name=\"author\" content=\"anitaricardo\" \/>\n<meta name=\"twitter:card\" content=\"summary_large_image\" \/>\n<meta name=\"twitter:label1\" content=\"Escrito por\" \/>\n\t<meta name=\"twitter:data1\" content=\"anitaricardo\" \/>\n\t<meta name=\"twitter:label2\" content=\"Tiempo de lectura\" \/>\n\t<meta name=\"twitter:data2\" content=\"2 minutos\" \/>\n<script type=\"application\/ld+json\" class=\"yoast-schema-graph\">{\"@context\":\"https:\\\/\\\/schema.org\",\"@graph\":[{\"@type\":\"Article\",\"@id\":\"https:\\\/\\\/alfaloc.pt\\\/es\\\/alfaloc-transportes-entrega-bolsa-industria-2019-2020\\\/#article\",\"isPartOf\":{\"@id\":\"https:\\\/\\\/alfaloc.pt\\\/es\\\/alfaloc-transportes-entrega-bolsa-industria-2019-2020\\\/\"},\"author\":{\"name\":\"anitaricardo\",\"@id\":\"https:\\\/\\\/alfaloc.pt\\\/es\\\/#\\\/schema\\\/person\\\/6e8bc905f7d2b369fccf0273fc35cd80\"},\"headline\":\"Alfaloc Transportes entrega Bolsa + Ind\u00fastria 2019\\\/2020\",\"datePublished\":\"2020-03-17T08:18:00+00:00\",\"dateModified\":\"2025-02-20T16:41:00+00:00\",\"mainEntityOfPage\":{\"@id\":\"https:\\\/\\\/alfaloc.pt\\\/es\\\/alfaloc-transportes-entrega-bolsa-industria-2019-2020\\\/\"},\"wordCount\":340,\"image\":{\"@id\":\"https:\\\/\\\/alfaloc.pt\\\/es\\\/alfaloc-transportes-entrega-bolsa-industria-2019-2020\\\/#primaryimage\"},\"thumbnailUrl\":\"https:\\\/\\\/alfaloc.pt\\\/wp-content\\\/uploads\\\/2024\\\/08\\\/noticia-mais-industria.jpg\",\"keywords\":[\"Alfaloc\",\"Becas\",\"industria\",\"IPL\",\"Transporte\"],\"articleSection\":[\"Noticia\",\"Prensa\"],\"inLanguage\":\"es\"},{\"@type\":\"WebPage\",\"@id\":\"https:\\\/\\\/alfaloc.pt\\\/es\\\/alfaloc-transportes-entrega-bolsa-industria-2019-2020\\\/\",\"url\":\"https:\\\/\\\/alfaloc.pt\\\/es\\\/alfaloc-transportes-entrega-bolsa-industria-2019-2020\\\/\",\"name\":\"Alfaloc Transportes entrega Bolsa + Ind\u00fastria 2019\\\/2020 - Alfaloc\",\"isPartOf\":{\"@id\":\"https:\\\/\\\/alfaloc.pt\\\/es\\\/#website\"},\"primaryImageOfPage\":{\"@id\":\"https:\\\/\\\/alfaloc.pt\\\/es\\\/alfaloc-transportes-entrega-bolsa-industria-2019-2020\\\/#primaryimage\"},\"image\":{\"@id\":\"https:\\\/\\\/alfaloc.pt\\\/es\\\/alfaloc-transportes-entrega-bolsa-industria-2019-2020\\\/#primaryimage\"},\"thumbnailUrl\":\"https:\\\/\\\/alfaloc.pt\\\/wp-content\\\/uploads\\\/2024\\\/08\\\/noticia-mais-industria.jpg\",\"datePublished\":\"2020-03-17T08:18:00+00:00\",\"dateModified\":\"2025-02-20T16:41:00+00:00\",\"author\":{\"@id\":\"https:\\\/\\\/alfaloc.pt\\\/es\\\/#\\\/schema\\\/person\\\/6e8bc905f7d2b369fccf0273fc35cd80\"},\"description\":\"El pasado 3 de marzo, Alfaloc estuvo presente en la Gala + Industria del Instituto Polit\u00e9cnico de Leiria.\",\"breadcrumb\":{\"@id\":\"https:\\\/\\\/alfaloc.pt\\\/es\\\/alfaloc-transportes-entrega-bolsa-industria-2019-2020\\\/#breadcrumb\"},\"inLanguage\":\"es\",\"potentialAction\":[{\"@type\":\"ReadAction\",\"target\":[\"https:\\\/\\\/alfaloc.pt\\\/es\\\/alfaloc-transportes-entrega-bolsa-industria-2019-2020\\\/\"]}]},{\"@type\":\"ImageObject\",\"inLanguage\":\"es\",\"@id\":\"https:\\\/\\\/alfaloc.pt\\\/es\\\/alfaloc-transportes-entrega-bolsa-industria-2019-2020\\\/#primaryimage\",\"url\":\"https:\\\/\\\/alfaloc.pt\\\/wp-content\\\/uploads\\\/2024\\\/08\\\/noticia-mais-industria.jpg\",\"contentUrl\":\"https:\\\/\\\/alfaloc.pt\\\/wp-content\\\/uploads\\\/2024\\\/08\\\/noticia-mais-industria.jpg\",\"width\":1200,\"height\":629},{\"@type\":\"BreadcrumbList\",\"@id\":\"https:\\\/\\\/alfaloc.pt\\\/es\\\/alfaloc-transportes-entrega-bolsa-industria-2019-2020\\\/#breadcrumb\",\"itemListElement\":[{\"@type\":\"ListItem\",\"position\":1,\"name\":\"In\u00edcio\",\"item\":\"https:\\\/\\\/alfaloc.pt\\\/es\\\/\"},{\"@type\":\"ListItem\",\"position\":2,\"name\":\"Alfaloc Transportes entrega Bolsa + Ind\u00fastria 2019\\\/2020\"}]},{\"@type\":\"WebSite\",\"@id\":\"https:\\\/\\\/alfaloc.pt\\\/es\\\/#website\",\"url\":\"https:\\\/\\\/alfaloc.pt\\\/es\\\/\",\"name\":\"Alfaloc\",\"description\":\"\",\"potentialAction\":[{\"@type\":\"SearchAction\",\"target\":{\"@type\":\"EntryPoint\",\"urlTemplate\":\"https:\\\/\\\/alfaloc.pt\\\/es\\\/?s={search_term_string}\"},\"query-input\":{\"@type\":\"PropertyValueSpecification\",\"valueRequired\":true,\"valueName\":\"search_term_string\"}}],\"inLanguage\":\"es\"},{\"@type\":\"Person\",\"@id\":\"https:\\\/\\\/alfaloc.pt\\\/es\\\/#\\\/schema\\\/person\\\/6e8bc905f7d2b369fccf0273fc35cd80\",\"name\":\"anitaricardo\",\"image\":{\"@type\":\"ImageObject\",\"inLanguage\":\"es\",\"@id\":\"https:\\\/\\\/secure.gravatar.com\\\/avatar\\\/9e5ec89c52b1d32d7ab680e5de52c29e4c855c3ecd63735926f623145fb3517a?s=96&d=mm&r=g\",\"url\":\"https:\\\/\\\/secure.gravatar.com\\\/avatar\\\/9e5ec89c52b1d32d7ab680e5de52c29e4c855c3ecd63735926f623145fb3517a?s=96&d=mm&r=g\",\"contentUrl\":\"https:\\\/\\\/secure.gravatar.com\\\/avatar\\\/9e5ec89c52b1d32d7ab680e5de52c29e4c855c3ecd63735926f623145fb3517a?s=96&d=mm&r=g\",\"caption\":\"anitaricardo\"},\"url\":\"https:\\\/\\\/alfaloc.pt\\\/es\\\/author\\\/anitaricardo\\\/\"}]}<\/script>\n<!-- \/ Yoast SEO Premium plugin. -->","yoast_head_json":{"title":"Alfaloc Transportes entrega Bolsa + Ind\u00fastria 2019\/2020 - Alfaloc","description":"El pasado 3 de marzo, Alfaloc estuvo presente en la Gala + Industria del Instituto Polit\u00e9cnico de Leiria.","robots":{"index":"index","follow":"follow","max-snippet":"max-snippet:-1","max-image-preview":"max-image-preview:large","max-video-preview":"max-video-preview:-1"},"canonical":"https:\/\/alfaloc.pt\/es\/alfaloc-transportes-entrega-bolsa-industria-2019-2020\/","og_locale":"es_ES","og_type":"article","og_title":"Alfaloc Transportes entrega Bolsa + Ind\u00fastria 2019\/2020","og_description":"El pasado 3 de marzo, Alfaloc estuvo presente en la Gala + Industria del Instituto Polit\u00e9cnico de Leiria.","og_url":"https:\/\/alfaloc.pt\/es\/alfaloc-transportes-entrega-bolsa-industria-2019-2020\/","og_site_name":"Alfaloc","article_published_time":"2020-03-17T08:18:00+00:00","article_modified_time":"2025-02-20T16:41:00+00:00","og_image":[{"width":1200,"height":629,"url":"https:\/\/alfaloc.pt\/wp-content\/uploads\/2024\/08\/noticia-mais-industria.jpg","type":"image\/jpeg"}],"author":"anitaricardo","twitter_card":"summary_large_image","twitter_misc":{"Escrito por":"anitaricardo","Tiempo de lectura":"2 minutos"},"schema":{"@context":"https:\/\/schema.org","@graph":[{"@type":"Article","@id":"https:\/\/alfaloc.pt\/es\/alfaloc-transportes-entrega-bolsa-industria-2019-2020\/#article","isPartOf":{"@id":"https:\/\/alfaloc.pt\/es\/alfaloc-transportes-entrega-bolsa-industria-2019-2020\/"},"author":{"name":"anitaricardo","@id":"https:\/\/alfaloc.pt\/es\/#\/schema\/person\/6e8bc905f7d2b369fccf0273fc35cd80"},"headline":"Alfaloc Transportes entrega Bolsa + Ind\u00fastria 2019\/2020","datePublished":"2020-03-17T08:18:00+00:00","dateModified":"2025-02-20T16:41:00+00:00","mainEntityOfPage":{"@id":"https:\/\/alfaloc.pt\/es\/alfaloc-transportes-entrega-bolsa-industria-2019-2020\/"},"wordCount":340,"image":{"@id":"https:\/\/alfaloc.pt\/es\/alfaloc-transportes-entrega-bolsa-industria-2019-2020\/#primaryimage"},"thumbnailUrl":"https:\/\/alfaloc.pt\/wp-content\/uploads\/2024\/08\/noticia-mais-industria.jpg","keywords":["Alfaloc","Becas","industria","IPL","Transporte"],"articleSection":["Noticia","Prensa"],"inLanguage":"es"},{"@type":"WebPage","@id":"https:\/\/alfaloc.pt\/es\/alfaloc-transportes-entrega-bolsa-industria-2019-2020\/","url":"https:\/\/alfaloc.pt\/es\/alfaloc-transportes-entrega-bolsa-industria-2019-2020\/","name":"Alfaloc Transportes entrega Bolsa + Ind\u00fastria 2019\/2020 - Alfaloc","isPartOf":{"@id":"https:\/\/alfaloc.pt\/es\/#website"},"primaryImageOfPage":{"@id":"https:\/\/alfaloc.pt\/es\/alfaloc-transportes-entrega-bolsa-industria-2019-2020\/#primaryimage"},"image":{"@id":"https:\/\/alfaloc.pt\/es\/alfaloc-transportes-entrega-bolsa-industria-2019-2020\/#primaryimage"},"thumbnailUrl":"https:\/\/alfaloc.pt\/wp-content\/uploads\/2024\/08\/noticia-mais-industria.jpg","datePublished":"2020-03-17T08:18:00+00:00","dateModified":"2025-02-20T16:41:00+00:00","author":{"@id":"https:\/\/alfaloc.pt\/es\/#\/schema\/person\/6e8bc905f7d2b369fccf0273fc35cd80"},"description":"El pasado 3 de marzo, Alfaloc estuvo presente en la Gala + Industria del Instituto Polit\u00e9cnico de Leiria.","breadcrumb":{"@id":"https:\/\/alfaloc.pt\/es\/alfaloc-transportes-entrega-bolsa-industria-2019-2020\/#breadcrumb"},"inLanguage":"es","potentialAction":[{"@type":"ReadAction","target":["https:\/\/alfaloc.pt\/es\/alfaloc-transportes-entrega-bolsa-industria-2019-2020\/"]}]},{"@type":"ImageObject","inLanguage":"es","@id":"https:\/\/alfaloc.pt\/es\/alfaloc-transportes-entrega-bolsa-industria-2019-2020\/#primaryimage","url":"https:\/\/alfaloc.pt\/wp-content\/uploads\/2024\/08\/noticia-mais-industria.jpg","contentUrl":"https:\/\/alfaloc.pt\/wp-content\/uploads\/2024\/08\/noticia-mais-industria.jpg","width":1200,"height":629},{"@type":"BreadcrumbList","@id":"https:\/\/alfaloc.pt\/es\/alfaloc-transportes-entrega-bolsa-industria-2019-2020\/#breadcrumb","itemListElement":[{"@type":"ListItem","position":1,"name":"In\u00edcio","item":"https:\/\/alfaloc.pt\/es\/"},{"@type":"ListItem","position":2,"name":"Alfaloc Transportes entrega Bolsa + Ind\u00fastria 2019\/2020"}]},{"@type":"WebSite","@id":"https:\/\/alfaloc.pt\/es\/#website","url":"https:\/\/alfaloc.pt\/es\/","name":"Alfaloc","description":"","potentialAction":[{"@type":"SearchAction","target":{"@type":"EntryPoint","urlTemplate":"https:\/\/alfaloc.pt\/es\/?s={search_term_string}"},"query-input":{"@type":"PropertyValueSpecification","valueRequired":true,"valueName":"search_term_string"}}],"inLanguage":"es"},{"@type":"Person","@id":"https:\/\/alfaloc.pt\/es\/#\/schema\/person\/6e8bc905f7d2b369fccf0273fc35cd80","name":"anitaricardo","image":{"@type":"ImageObject","inLanguage":"es","@id":"https:\/\/secure.gravatar.com\/avatar\/9e5ec89c52b1d32d7ab680e5de52c29e4c855c3ecd63735926f623145fb3517a?s=96&d=mm&r=g","url":"https:\/\/secure.gravatar.com\/avatar\/9e5ec89c52b1d32d7ab680e5de52c29e4c855c3ecd63735926f623145fb3517a?s=96&d=mm&r=g","contentUrl":"https:\/\/secure.gravatar.com\/avatar\/9e5ec89c52b1d32d7ab680e5de52c29e4c855c3ecd63735926f623145fb3517a?s=96&d=mm&r=g","caption":"anitaricardo"},"url":"https:\/\/alfaloc.pt\/es\/author\/anitaricardo\/"}]}},"_links":{"self":[{"href":"https:\/\/alfaloc.pt\/es\/wp-json\/wp\/v2\/posts\/11741","targetHints":{"allow":["GET"]}}],"collection":[{"href":"https:\/\/alfaloc.pt\/es\/wp-json\/wp\/v2\/posts"}],"about":[{"href":"https:\/\/alfaloc.pt\/es\/wp-json\/wp\/v2\/types\/post"}],"author":[{"embeddable":true,"href":"https:\/\/alfaloc.pt\/es\/wp-json\/wp\/v2\/users\/5"}],"replies":[{"embeddable":true,"href":"https:\/\/alfaloc.pt\/es\/wp-json\/wp\/v2\/comments?post=11741"}],"version-history":[{"count":1,"href":"https:\/\/alfaloc.pt\/es\/wp-json\/wp\/v2\/posts\/11741\/revisions"}],"predecessor-version":[{"id":11742,"href":"https:\/\/alfaloc.pt\/es\/wp-json\/wp\/v2\/posts\/11741\/revisions\/11742"}],"wp:featuredmedia":[{"embeddable":true,"href":"https:\/\/alfaloc.pt\/es\/wp-json\/wp\/v2\/media\/10158"}],"wp:attachment":[{"href":"https:\/\/alfaloc.pt\/es\/wp-json\/wp\/v2\/media?parent=11741"}],"wp:term":[{"taxonomy":"category","embeddable":true,"href":"https:\/\/alfaloc.pt\/es\/wp-json\/wp\/v2\/categories?post=11741"},{"taxonomy":"post_tag","embeddable":true,"href":"https:\/\/alfaloc.pt\/es\/wp-json\/wp\/v2\/tags?post=11741"}],"curies":[{"name":"wp","href":"https:\/\/api.w.org\/{rel}","templated":true}]}}