{"id":11687,"date":"2019-07-26T13:36:00","date_gmt":"2019-07-26T13:36:00","guid":{"rendered":"https:\/\/alfaloc.pt\/alfaloc-apoya-a-estudiantes-de-grado-y-master\/"},"modified":"2025-02-20T16:41:14","modified_gmt":"2025-02-20T16:41:14","slug":"alfaloc-apoya-a-estudiantes-de-grado-y-master","status":"publish","type":"post","link":"https:\/\/alfaloc.pt\/es\/alfaloc-apoya-a-estudiantes-de-grado-y-master\/","title":{"rendered":"Alfaloc apoya a estudiantes de grado y m\u00e1ster"},"content":{"rendered":"\n<h3 class=\"wp-block-heading\" id=\"h-no-passado-dia-16-estivemos-num-evento-que-marca-uma-1&#xAA;-vez-especial-a-primeira-vez-que-a-alfaloc-participa-no-protocolo-politecnico-de-leiria-industria\">El d\u00eda 16, estuvimos en un evento que marca un 1er tiempo especial:<br\/>la primera vez que Alfaloc participa en el protocolo \u00abPolit\u00e9cnica de Leiria + Industria\u00bb.<\/h3>\n\n<figure class=\"wp-block-image size-full\"><img fetchpriority=\"high\" decoding=\"async\" width=\"840\" height=\"440\" src=\"https:\/\/alfaloc.pt\/wp-content\/uploads\/2024\/08\/noticia_novo-desafio.png\" alt=\"\" class=\"wp-image-6752\" srcset=\"https:\/\/alfaloc.pt\/wp-content\/uploads\/2024\/08\/noticia_novo-desafio.png 840w, https:\/\/alfaloc.pt\/wp-content\/uploads\/2024\/08\/noticia_novo-desafio-300x157.png 300w, https:\/\/alfaloc.pt\/wp-content\/uploads\/2024\/08\/noticia_novo-desafio-768x402.png 768w\" sizes=\"(max-width: 840px) 100vw, 840px\" \/><\/figure>\n\n<p>Por un lado, las empresas se enfrentan a dificultades para contratar mano de obra cualificada. Por otro lado, las instituciones educativas necesitan problemas reales de la industria, como los estudios de caso, para desafiar a estudiantes, profesores e investigadores. Estas son solo dos de las situaciones que, con la creaci\u00f3n de este protocolo, se pueden resolver de manera efectiva.  <\/p>\n\n<p>As\u00ed, se cre\u00f3 el protocolo \u00abPolit\u00e9cnico de Leiria + Industria\u00bb para promover el acercamiento entre estudiantes, docentes, investigadores y empresas de la regi\u00f3n. A este respecto, tres instituciones cooperan entre s\u00ed para garantizar el \u00e9xito continuado: <\/p>\n\n<ul class=\"wp-block-list\">\n<li>CEFAMOL &#8211; Asociaci\u00f3n Nacional de la Industria del Molde<\/li>\n\n\n\n<li>Polit\u00e9cnico de Leiria<\/li>\n\n\n\n<li>NERLEI &#8211; Asociaci\u00f3n Empresarial de la Regi\u00f3n de Leiria<\/li>\n<\/ul>\n\n<p>Seg\u00fan una fuente de NERLEI, \u00ablas acciones desarrolladas en colaboraci\u00f3n con las empresas se materializan en torno a tres dimensiones principales:<\/p>\n\n<ol class=\"wp-block-list\">\n<li>Formaci\u00f3n en Contexto Empresarial, que implica la realizaci\u00f3n de pr\u00e1cticas curriculares y extracurriculares, la realizaci\u00f3n de trabajos aplicados y visitas a empresas;<\/li>\n\n\n\n<li>Intercambio y valorizaci\u00f3n de conocimientos, incluyendo la organizaci\u00f3n de seminarios y talleres con la participaci\u00f3n de empresas, as\u00ed como reuniones, prestaci\u00f3n de servicios diferenciadores de investigaci\u00f3n y desarrollo y el desarrollo de proyectos conjuntos;<\/li>\n\n\n\n<li>Responsabilidad Social, que implica la atribuci\u00f3n de becas a los mejores estudiantes, fomentando el \u00e9xito escolar y la empleabilidad, as\u00ed como otras formas de apoyo social\u00bb.<\/li>\n<\/ol>\n\n<p>Sobre este \u00faltimo punto, se observa una importante evoluci\u00f3n del protocolo. En esta 7\u00aa edici\u00f3n, 39 empresas de la regi\u00f3n est\u00e1n apoyando a 53 estudiantes a trav\u00e9s de becas de licenciatura. <\/p>\n\n<p>Adicionalmente, por primera vez, se ampli\u00f3 el protocolo para incluir becas de Maestr\u00eda, a trav\u00e9s del programa \u00abMaestr\u00eda + Innovaci\u00f3n\u00bb.<\/p>\n\n<p>Sin embargo, en este caso, dos empresas han reivindicado su participaci\u00f3n: <strong>Lusiaves<\/strong> y <strong>Alfaloc<\/strong>.<\/p>\n\n<h5 class=\"wp-block-heading\" id=\"h-neste-ano-letivo-2019-2020-a-alfaloc-ira-apoiar-financeiramente\">En este curso 2019\/2020, Alfaloc aportar\u00e1 apoyo econ\u00f3mico<\/h5>\n\n<ul class=\"wp-block-list\">\n<li>uno de los mejores estudiantes de la Licenciatura en Marketing<\/li>\n\n\n\n<li>y un estudiante del M\u00e1ster en Ingenier\u00eda Inform\u00e1tica, con la vertiente de Computaci\u00f3n M\u00f3vil, para desarrollar un proyecto junto con el equipo inform\u00e1tico de Alfaloc.<\/li>\n<\/ul>\n\n<h3 class=\"wp-block-heading\" id=\"h-estamos-ansiosos-por-comecar-esta-parceria\">\u00a1Esperamos comenzar esta asociaci\u00f3n!<\/h3>\n\n<p><strong>Dale a Me gusta o s\u00edguenos en <a href=\"https:\/\/www.facebook.com\/alfaloc\/\" target=\"_blank\" rel=\"noreferrer noopener\">Facebook<\/a>, <a href=\"https:\/\/www.linkedin.com\/company\/alfaloc\" target=\"_blank\" rel=\"noreferrer noopener\">Linkedin<\/a> o <a href=\"https:\/\/www.instagram.com\/alfaloc.pt\/\" target=\"_blank\" rel=\"noreferrer noopener\">Instagram<\/a> desde Alfaloc para estar al d\u00eda de las novedades.<\/strong><\/p>\n\n<p>Sobre la fotograf\u00eda:<\/p>\n\n<p>Representa la ceremonia del VII Encuentro \u00abPolit\u00e9cnico de Leiria + Industria\u00bb, que tuvo lugar el 16 de julio de 2019, en el Edificio de la Resina, en Marinha Grande, donde participaron:<\/p>\n\n<ul class=\"wp-block-list\">\n<li>Jo\u00e3o Faustino &#8211; Presidente de CEFAMOL &#8211; Asociaci\u00f3n Nacional de la Industria del Molde<\/li>\n\n\n\n<li>Rui Pedrosa &#8211; Presidente del Polit\u00e9cnico de Leiria<\/li>\n\n\n\n<li>Ana Sargento &#8211; Vicepresidenta de la Polit\u00e9cnica de Leiria<\/li>\n\n\n\n<li>Ant\u00f3nio Po\u00e7as &#8211; Presidente de NERLEI &#8211; Asociaci\u00f3n de Empresarios de la Regi\u00f3n de Leiria<\/li>\n\n\n\n<li>Cid\u00e1lia Ferreira &#8211; Alcaldesa de Marinha Grande<\/li>\n\n\n\n<li>Ana Abrunhosa &#8211; Presidenta de la CCDRC &#8211; Comisi\u00f3n de Coordinaci\u00f3n y Desarrollo Regional del Centro<\/li>\n\n\n\n<li>y Jos\u00e9 Bancaleiro &#8211; CEO de Stanton Chase<\/li>\n<\/ul>\n\n<p>Sobre el protocolo, puede obtener m\u00e1s informaci\u00f3n en <a href=\"https:\/\/www.ipleiria.pt\/iplindustria\/\" target=\"_blank\" rel=\"noreferrer noopener\">IPLeiria<\/a><\/p>\n","protected":false},"excerpt":{"rendered":"<p>El d\u00eda 16, estuvimos en un evento que marca un 1er tiempo especial:la primera vez que Alfaloc participa en el protocolo \u00abPolit\u00e9cnica de Leiria + Industria\u00bb. Por un lado, las empresas se enfrentan a dificultades para contratar mano de obra cualificada. Por otro lado, las instituciones educativas necesitan problemas reales de la industria, como los [&hellip;]<\/p>\n","protected":false},"author":5,"featured_media":10131,"comment_status":"closed","ping_status":"open","sticky":false,"template":"","format":"standard","meta":{"footnotes":""},"categories":[271,217],"tags":[445,448,446,423,447,449],"class_list":["post-11687","post","type-post","status-publish","format-standard","has-post-thumbnail","hentry","category-eventos-es","category-noticia","tag-becas","tag-cefamol-es","tag-grado","tag-ipl-es","tag-maestros","tag-nerlei-es"],"yoast_head":"<!-- This site is optimized with the Yoast SEO Premium plugin v27.5 (Yoast SEO v27.5) - https:\/\/yoast.com\/product\/yoast-seo-premium-wordpress\/ -->\n<title>Alfaloc apoya a estudiantes de grado y m\u00e1ster - Alfaloc<\/title>\n<meta name=\"description\" content=\"Estuvimos en un evento que marca una 1\u00aa vez especial: la primera vez que Alfaloc participa en el protocolo &quot;Polit\u00e9cnica de Leiria + Industria&quot;.\" \/>\n<meta name=\"robots\" content=\"index, follow, max-snippet:-1, max-image-preview:large, max-video-preview:-1\" \/>\n<link rel=\"canonical\" href=\"https:\/\/alfaloc.pt\/es\/alfaloc-apoya-a-estudiantes-de-grado-y-master\/\" \/>\n<meta property=\"og:locale\" content=\"es_ES\" \/>\n<meta property=\"og:type\" content=\"article\" \/>\n<meta property=\"og:title\" content=\"Alfaloc apoya a estudiantes de grado y m\u00e1ster\" \/>\n<meta property=\"og:description\" content=\"Estuvimos en un evento que marca una 1\u00aa vez especial: la primera vez que Alfaloc participa en el protocolo &quot;Polit\u00e9cnica de Leiria + Industria&quot;.\" \/>\n<meta property=\"og:url\" content=\"https:\/\/alfaloc.pt\/es\/alfaloc-apoya-a-estudiantes-de-grado-y-master\/\" \/>\n<meta property=\"og:site_name\" content=\"Alfaloc\" \/>\n<meta property=\"article:published_time\" content=\"2019-07-26T13:36:00+00:00\" \/>\n<meta property=\"article:modified_time\" content=\"2025-02-20T16:41:14+00:00\" \/>\n<meta property=\"og:image\" content=\"https:\/\/alfaloc.pt\/wp-content\/uploads\/2024\/08\/noticia_novo-desafio.png\" \/>\n\t<meta property=\"og:image:width\" content=\"840\" \/>\n\t<meta property=\"og:image:height\" content=\"440\" \/>\n\t<meta property=\"og:image:type\" content=\"image\/png\" \/>\n<meta name=\"author\" content=\"anitaricardo\" \/>\n<meta name=\"twitter:card\" content=\"summary_large_image\" \/>\n<meta name=\"twitter:label1\" content=\"Escrito por\" \/>\n\t<meta name=\"twitter:data1\" content=\"anitaricardo\" \/>\n\t<meta name=\"twitter:label2\" content=\"Tiempo de lectura\" \/>\n\t<meta name=\"twitter:data2\" content=\"3 minutos\" \/>\n<script type=\"application\/ld+json\" class=\"yoast-schema-graph\">{\"@context\":\"https:\\\/\\\/schema.org\",\"@graph\":[{\"@type\":\"Article\",\"@id\":\"https:\\\/\\\/alfaloc.pt\\\/es\\\/alfaloc-apoya-a-estudiantes-de-grado-y-master\\\/#article\",\"isPartOf\":{\"@id\":\"https:\\\/\\\/alfaloc.pt\\\/es\\\/alfaloc-apoya-a-estudiantes-de-grado-y-master\\\/\"},\"author\":{\"name\":\"anitaricardo\",\"@id\":\"https:\\\/\\\/alfaloc.pt\\\/es\\\/#\\\/schema\\\/person\\\/6e8bc905f7d2b369fccf0273fc35cd80\"},\"headline\":\"Alfaloc apoya a estudiantes de grado y m\u00e1ster\",\"datePublished\":\"2019-07-26T13:36:00+00:00\",\"dateModified\":\"2025-02-20T16:41:14+00:00\",\"mainEntityOfPage\":{\"@id\":\"https:\\\/\\\/alfaloc.pt\\\/es\\\/alfaloc-apoya-a-estudiantes-de-grado-y-master\\\/\"},\"wordCount\":552,\"image\":{\"@id\":\"https:\\\/\\\/alfaloc.pt\\\/es\\\/alfaloc-apoya-a-estudiantes-de-grado-y-master\\\/#primaryimage\"},\"thumbnailUrl\":\"https:\\\/\\\/alfaloc.pt\\\/wp-content\\\/uploads\\\/2024\\\/08\\\/noticia_novo-desafio.png\",\"keywords\":[\"Becas\",\"CEFAMOL\",\"Grado\",\"IPL\",\"Maestros\",\"NERLEI\"],\"articleSection\":[\"Eventos\",\"Noticia\"],\"inLanguage\":\"es\"},{\"@type\":\"WebPage\",\"@id\":\"https:\\\/\\\/alfaloc.pt\\\/es\\\/alfaloc-apoya-a-estudiantes-de-grado-y-master\\\/\",\"url\":\"https:\\\/\\\/alfaloc.pt\\\/es\\\/alfaloc-apoya-a-estudiantes-de-grado-y-master\\\/\",\"name\":\"Alfaloc apoya a estudiantes de grado y m\u00e1ster - Alfaloc\",\"isPartOf\":{\"@id\":\"https:\\\/\\\/alfaloc.pt\\\/es\\\/#website\"},\"primaryImageOfPage\":{\"@id\":\"https:\\\/\\\/alfaloc.pt\\\/es\\\/alfaloc-apoya-a-estudiantes-de-grado-y-master\\\/#primaryimage\"},\"image\":{\"@id\":\"https:\\\/\\\/alfaloc.pt\\\/es\\\/alfaloc-apoya-a-estudiantes-de-grado-y-master\\\/#primaryimage\"},\"thumbnailUrl\":\"https:\\\/\\\/alfaloc.pt\\\/wp-content\\\/uploads\\\/2024\\\/08\\\/noticia_novo-desafio.png\",\"datePublished\":\"2019-07-26T13:36:00+00:00\",\"dateModified\":\"2025-02-20T16:41:14+00:00\",\"author\":{\"@id\":\"https:\\\/\\\/alfaloc.pt\\\/es\\\/#\\\/schema\\\/person\\\/6e8bc905f7d2b369fccf0273fc35cd80\"},\"description\":\"Estuvimos en un evento que marca una 1\u00aa vez especial: la primera vez que Alfaloc participa en el protocolo \\\"Polit\u00e9cnica de Leiria + Industria\\\".\",\"breadcrumb\":{\"@id\":\"https:\\\/\\\/alfaloc.pt\\\/es\\\/alfaloc-apoya-a-estudiantes-de-grado-y-master\\\/#breadcrumb\"},\"inLanguage\":\"es\",\"potentialAction\":[{\"@type\":\"ReadAction\",\"target\":[\"https:\\\/\\\/alfaloc.pt\\\/es\\\/alfaloc-apoya-a-estudiantes-de-grado-y-master\\\/\"]}]},{\"@type\":\"ImageObject\",\"inLanguage\":\"es\",\"@id\":\"https:\\\/\\\/alfaloc.pt\\\/es\\\/alfaloc-apoya-a-estudiantes-de-grado-y-master\\\/#primaryimage\",\"url\":\"https:\\\/\\\/alfaloc.pt\\\/wp-content\\\/uploads\\\/2024\\\/08\\\/noticia_novo-desafio.png\",\"contentUrl\":\"https:\\\/\\\/alfaloc.pt\\\/wp-content\\\/uploads\\\/2024\\\/08\\\/noticia_novo-desafio.png\",\"width\":840,\"height\":440},{\"@type\":\"BreadcrumbList\",\"@id\":\"https:\\\/\\\/alfaloc.pt\\\/es\\\/alfaloc-apoya-a-estudiantes-de-grado-y-master\\\/#breadcrumb\",\"itemListElement\":[{\"@type\":\"ListItem\",\"position\":1,\"name\":\"In\u00edcio\",\"item\":\"https:\\\/\\\/alfaloc.pt\\\/es\\\/\"},{\"@type\":\"ListItem\",\"position\":2,\"name\":\"Alfaloc apoya a estudiantes de grado y m\u00e1ster\"}]},{\"@type\":\"WebSite\",\"@id\":\"https:\\\/\\\/alfaloc.pt\\\/es\\\/#website\",\"url\":\"https:\\\/\\\/alfaloc.pt\\\/es\\\/\",\"name\":\"Alfaloc\",\"description\":\"\",\"potentialAction\":[{\"@type\":\"SearchAction\",\"target\":{\"@type\":\"EntryPoint\",\"urlTemplate\":\"https:\\\/\\\/alfaloc.pt\\\/es\\\/?s={search_term_string}\"},\"query-input\":{\"@type\":\"PropertyValueSpecification\",\"valueRequired\":true,\"valueName\":\"search_term_string\"}}],\"inLanguage\":\"es\"},{\"@type\":\"Person\",\"@id\":\"https:\\\/\\\/alfaloc.pt\\\/es\\\/#\\\/schema\\\/person\\\/6e8bc905f7d2b369fccf0273fc35cd80\",\"name\":\"anitaricardo\",\"image\":{\"@type\":\"ImageObject\",\"inLanguage\":\"es\",\"@id\":\"https:\\\/\\\/secure.gravatar.com\\\/avatar\\\/9e5ec89c52b1d32d7ab680e5de52c29e4c855c3ecd63735926f623145fb3517a?s=96&d=mm&r=g\",\"url\":\"https:\\\/\\\/secure.gravatar.com\\\/avatar\\\/9e5ec89c52b1d32d7ab680e5de52c29e4c855c3ecd63735926f623145fb3517a?s=96&d=mm&r=g\",\"contentUrl\":\"https:\\\/\\\/secure.gravatar.com\\\/avatar\\\/9e5ec89c52b1d32d7ab680e5de52c29e4c855c3ecd63735926f623145fb3517a?s=96&d=mm&r=g\",\"caption\":\"anitaricardo\"},\"url\":\"https:\\\/\\\/alfaloc.pt\\\/es\\\/author\\\/anitaricardo\\\/\"}]}<\/script>\n<!-- \/ Yoast SEO Premium plugin. -->","yoast_head_json":{"title":"Alfaloc apoya a estudiantes de grado y m\u00e1ster - Alfaloc","description":"Estuvimos en un evento que marca una 1\u00aa vez especial: la primera vez que Alfaloc participa en el protocolo \"Polit\u00e9cnica de Leiria + Industria\".","robots":{"index":"index","follow":"follow","max-snippet":"max-snippet:-1","max-image-preview":"max-image-preview:large","max-video-preview":"max-video-preview:-1"},"canonical":"https:\/\/alfaloc.pt\/es\/alfaloc-apoya-a-estudiantes-de-grado-y-master\/","og_locale":"es_ES","og_type":"article","og_title":"Alfaloc apoya a estudiantes de grado y m\u00e1ster","og_description":"Estuvimos en un evento que marca una 1\u00aa vez especial: la primera vez que Alfaloc participa en el protocolo \"Polit\u00e9cnica de Leiria + Industria\".","og_url":"https:\/\/alfaloc.pt\/es\/alfaloc-apoya-a-estudiantes-de-grado-y-master\/","og_site_name":"Alfaloc","article_published_time":"2019-07-26T13:36:00+00:00","article_modified_time":"2025-02-20T16:41:14+00:00","og_image":[{"width":840,"height":440,"url":"https:\/\/alfaloc.pt\/wp-content\/uploads\/2024\/08\/noticia_novo-desafio.png","type":"image\/png"}],"author":"anitaricardo","twitter_card":"summary_large_image","twitter_misc":{"Escrito por":"anitaricardo","Tiempo de lectura":"3 minutos"},"schema":{"@context":"https:\/\/schema.org","@graph":[{"@type":"Article","@id":"https:\/\/alfaloc.pt\/es\/alfaloc-apoya-a-estudiantes-de-grado-y-master\/#article","isPartOf":{"@id":"https:\/\/alfaloc.pt\/es\/alfaloc-apoya-a-estudiantes-de-grado-y-master\/"},"author":{"name":"anitaricardo","@id":"https:\/\/alfaloc.pt\/es\/#\/schema\/person\/6e8bc905f7d2b369fccf0273fc35cd80"},"headline":"Alfaloc apoya a estudiantes de grado y m\u00e1ster","datePublished":"2019-07-26T13:36:00+00:00","dateModified":"2025-02-20T16:41:14+00:00","mainEntityOfPage":{"@id":"https:\/\/alfaloc.pt\/es\/alfaloc-apoya-a-estudiantes-de-grado-y-master\/"},"wordCount":552,"image":{"@id":"https:\/\/alfaloc.pt\/es\/alfaloc-apoya-a-estudiantes-de-grado-y-master\/#primaryimage"},"thumbnailUrl":"https:\/\/alfaloc.pt\/wp-content\/uploads\/2024\/08\/noticia_novo-desafio.png","keywords":["Becas","CEFAMOL","Grado","IPL","Maestros","NERLEI"],"articleSection":["Eventos","Noticia"],"inLanguage":"es"},{"@type":"WebPage","@id":"https:\/\/alfaloc.pt\/es\/alfaloc-apoya-a-estudiantes-de-grado-y-master\/","url":"https:\/\/alfaloc.pt\/es\/alfaloc-apoya-a-estudiantes-de-grado-y-master\/","name":"Alfaloc apoya a estudiantes de grado y m\u00e1ster - Alfaloc","isPartOf":{"@id":"https:\/\/alfaloc.pt\/es\/#website"},"primaryImageOfPage":{"@id":"https:\/\/alfaloc.pt\/es\/alfaloc-apoya-a-estudiantes-de-grado-y-master\/#primaryimage"},"image":{"@id":"https:\/\/alfaloc.pt\/es\/alfaloc-apoya-a-estudiantes-de-grado-y-master\/#primaryimage"},"thumbnailUrl":"https:\/\/alfaloc.pt\/wp-content\/uploads\/2024\/08\/noticia_novo-desafio.png","datePublished":"2019-07-26T13:36:00+00:00","dateModified":"2025-02-20T16:41:14+00:00","author":{"@id":"https:\/\/alfaloc.pt\/es\/#\/schema\/person\/6e8bc905f7d2b369fccf0273fc35cd80"},"description":"Estuvimos en un evento que marca una 1\u00aa vez especial: la primera vez que Alfaloc participa en el protocolo \"Polit\u00e9cnica de Leiria + Industria\".","breadcrumb":{"@id":"https:\/\/alfaloc.pt\/es\/alfaloc-apoya-a-estudiantes-de-grado-y-master\/#breadcrumb"},"inLanguage":"es","potentialAction":[{"@type":"ReadAction","target":["https:\/\/alfaloc.pt\/es\/alfaloc-apoya-a-estudiantes-de-grado-y-master\/"]}]},{"@type":"ImageObject","inLanguage":"es","@id":"https:\/\/alfaloc.pt\/es\/alfaloc-apoya-a-estudiantes-de-grado-y-master\/#primaryimage","url":"https:\/\/alfaloc.pt\/wp-content\/uploads\/2024\/08\/noticia_novo-desafio.png","contentUrl":"https:\/\/alfaloc.pt\/wp-content\/uploads\/2024\/08\/noticia_novo-desafio.png","width":840,"height":440},{"@type":"BreadcrumbList","@id":"https:\/\/alfaloc.pt\/es\/alfaloc-apoya-a-estudiantes-de-grado-y-master\/#breadcrumb","itemListElement":[{"@type":"ListItem","position":1,"name":"In\u00edcio","item":"https:\/\/alfaloc.pt\/es\/"},{"@type":"ListItem","position":2,"name":"Alfaloc apoya a estudiantes de grado y m\u00e1ster"}]},{"@type":"WebSite","@id":"https:\/\/alfaloc.pt\/es\/#website","url":"https:\/\/alfaloc.pt\/es\/","name":"Alfaloc","description":"","potentialAction":[{"@type":"SearchAction","target":{"@type":"EntryPoint","urlTemplate":"https:\/\/alfaloc.pt\/es\/?s={search_term_string}"},"query-input":{"@type":"PropertyValueSpecification","valueRequired":true,"valueName":"search_term_string"}}],"inLanguage":"es"},{"@type":"Person","@id":"https:\/\/alfaloc.pt\/es\/#\/schema\/person\/6e8bc905f7d2b369fccf0273fc35cd80","name":"anitaricardo","image":{"@type":"ImageObject","inLanguage":"es","@id":"https:\/\/secure.gravatar.com\/avatar\/9e5ec89c52b1d32d7ab680e5de52c29e4c855c3ecd63735926f623145fb3517a?s=96&d=mm&r=g","url":"https:\/\/secure.gravatar.com\/avatar\/9e5ec89c52b1d32d7ab680e5de52c29e4c855c3ecd63735926f623145fb3517a?s=96&d=mm&r=g","contentUrl":"https:\/\/secure.gravatar.com\/avatar\/9e5ec89c52b1d32d7ab680e5de52c29e4c855c3ecd63735926f623145fb3517a?s=96&d=mm&r=g","caption":"anitaricardo"},"url":"https:\/\/alfaloc.pt\/es\/author\/anitaricardo\/"}]}},"_links":{"self":[{"href":"https:\/\/alfaloc.pt\/es\/wp-json\/wp\/v2\/posts\/11687","targetHints":{"allow":["GET"]}}],"collection":[{"href":"https:\/\/alfaloc.pt\/es\/wp-json\/wp\/v2\/posts"}],"about":[{"href":"https:\/\/alfaloc.pt\/es\/wp-json\/wp\/v2\/types\/post"}],"author":[{"embeddable":true,"href":"https:\/\/alfaloc.pt\/es\/wp-json\/wp\/v2\/users\/5"}],"replies":[{"embeddable":true,"href":"https:\/\/alfaloc.pt\/es\/wp-json\/wp\/v2\/comments?post=11687"}],"version-history":[{"count":1,"href":"https:\/\/alfaloc.pt\/es\/wp-json\/wp\/v2\/posts\/11687\/revisions"}],"predecessor-version":[{"id":11688,"href":"https:\/\/alfaloc.pt\/es\/wp-json\/wp\/v2\/posts\/11687\/revisions\/11688"}],"wp:featuredmedia":[{"embeddable":true,"href":"https:\/\/alfaloc.pt\/es\/wp-json\/wp\/v2\/media\/10131"}],"wp:attachment":[{"href":"https:\/\/alfaloc.pt\/es\/wp-json\/wp\/v2\/media?parent=11687"}],"wp:term":[{"taxonomy":"category","embeddable":true,"href":"https:\/\/alfaloc.pt\/es\/wp-json\/wp\/v2\/categories?post=11687"},{"taxonomy":"post_tag","embeddable":true,"href":"https:\/\/alfaloc.pt\/es\/wp-json\/wp\/v2\/tags?post=11687"}],"curies":[{"name":"wp","href":"https:\/\/api.w.org\/{rel}","templated":true}]}}